{"id":9480,"date":"2025-01-01T11:32:18","date_gmt":"2025-01-01T14:32:18","guid":{"rendered":"https:\/\/laserenaradio.cl\/web\/?p=9480"},"modified":"2025-01-01T11:32:18","modified_gmt":"2025-01-01T14:32:18","slug":"visitantes-aplauden-show-pirotecnico-en-vina-del-mar-y-valparaiso","status":"publish","type":"post","link":"https:\/\/laserenaradio.cl\/web\/2025\/01\/01\/visitantes-aplauden-show-pirotecnico-en-vina-del-mar-y-valparaiso\/","title":{"rendered":"Visitantes aplauden show pirot\u00e9cnico en Vi\u00f1a del Mar y Valpara\u00edso"},"content":{"rendered":"<p><b>Los visitantes de otras regiones que asistieron al show pirot\u00e9cnico en Vi\u00f1a del Mar y Valpara\u00edso se mostraron satisfechos con la experiencia, calific\u00e1ndola positivamente<\/b><!--more-->.<\/p>\n<p>A pesar de las marejadas anormales que afectaron la costa y la cancelaci\u00f3n del punto de lanzamiento en Laguna Verde, los asistentes disfrutaron de los fuegos artificiales en el mar y en puntos terrestres.<\/p>\n<p>Algunos incluso viajaron con sus familias para presenciar el evento y expresaron su deseo de repetir la experiencia en los pr\u00f3ximos a\u00f1os.<\/p>\n","protected":false},"excerpt":{"rendered":"<p>Los visitantes de otras regiones que asistieron al show pirot\u00e9cnico en Vi\u00f1a del Mar y Valpara\u00edso se mostraron satisfechos con la experiencia, calific\u00e1ndola positivamente<\/p>\n","protected":false},"author":2,"featured_media":9479,"comment_status":"closed","ping_status":"open","sticky":false,"template":"","format":"standard","meta":{"_jetpack_memberships_contains_paid_content":false,"jnews-multi-image_gallery":[],"jnews_single_post":[],"jnews_primary_category":[],"jnews_social_meta":[],"jnews_paywall_metabox":[],"jnews_review":[],"enable_review":"","type":"","name":"","summary":"","brand":"","sku":"","good":[],"bad":[],"score_override":"","override_value":"","rating":[],"price":[],"jnews_override_counter":[],"jnews_post_split":[],"footnotes":""},"categories":[21],"tags":[],"class_list":["post-9480","post","type-post","status-publish","format-standard","has-post-thumbnail","hentry","category-nacional"],"jetpack_featured_media_url":"https:\/\/laserenaradio.cl\/web\/wp-content\/uploads\/2025\/01\/img_webpexperienciabLosvisitantesregionesasistieronshowpirotecnicoVinaMar_1.webp","jetpack_sharing_enabled":true,"_links":{"self":[{"href":"https:\/\/laserenaradio.cl\/web\/wp-json\/wp\/v2\/posts\/9480","targetHints":{"allow":["GET"]}}],"collection":[{"href":"https:\/\/laserenaradio.cl\/web\/wp-json\/wp\/v2\/posts"}],"about":[{"href":"https:\/\/laserenaradio.cl\/web\/wp-json\/wp\/v2\/types\/post"}],"author":[{"embeddable":true,"href":"https:\/\/laserenaradio.cl\/web\/wp-json\/wp\/v2\/users\/2"}],"replies":[{"embeddable":true,"href":"https:\/\/laserenaradio.cl\/web\/wp-json\/wp\/v2\/comments?post=9480"}],"version-history":[{"count":1,"href":"https:\/\/laserenaradio.cl\/web\/wp-json\/wp\/v2\/posts\/9480\/revisions"}],"predecessor-version":[{"id":9481,"href":"https:\/\/laserenaradio.cl\/web\/wp-json\/wp\/v2\/posts\/9480\/revisions\/9481"}],"wp:featuredmedia":[{"embeddable":true,"href":"https:\/\/laserenaradio.cl\/web\/wp-json\/wp\/v2\/media\/9479"}],"wp:attachment":[{"href":"https:\/\/laserenaradio.cl\/web\/wp-json\/wp\/v2\/media?parent=9480"}],"wp:term":[{"taxonomy":"category","embeddable":true,"href":"https:\/\/laserenaradio.cl\/web\/wp-json\/wp\/v2\/categories?post=9480"},{"taxonomy":"post_tag","embeddable":true,"href":"https:\/\/laserenaradio.cl\/web\/wp-json\/wp\/v2\/tags?post=9480"}],"curies":[{"name":"wp","href":"https:\/\/api.w.org\/{rel}","templated":true}]}}