{"id":9292,"date":"2024-12-29T14:54:16","date_gmt":"2024-12-29T17:54:16","guid":{"rendered":"https:\/\/laserenaradio.cl\/web\/?p=9292"},"modified":"2024-12-29T22:51:44","modified_gmt":"2024-12-30T01:51:44","slug":"evita-ir-a-el-faro-marejadas-inesperadas-dejan-danos-en-la-costa-serenense","status":"publish","type":"post","link":"https:\/\/laserenaradio.cl\/web\/2024\/12\/29\/evita-ir-a-el-faro-marejadas-inesperadas-dejan-danos-en-la-costa-serenense\/","title":{"rendered":"\u00a1Evita ir a El Faro! Marejadas inesperadas dejan da\u00f1os en la costa serenense"},"content":{"rendered":"\n<p><b>La regi\u00f3n de Coquimbo est\u00e1 siendo afectada por intensas marejadas que han generado preocupaci\u00f3n entre autoridades y comunidad<\/b><\/p>\n\n\n\n<!--more-->\n\n\n\n<p>.<\/p>\n\n\n\n<p>La Municipalidad de La Serena <a href=\"https:\/\/laserenaonline.cl\/2024\/12\/29\/cierran-el-faro-de-la-serena-por-marejadas\/\" target=\"_blank\" rel=\"noreferrer noopener\">ha cerrado temporalmente el sector de El Faro<\/a> debido a los altos niveles de agua, pero algunas personas siguen visitando la zona poniendo en riesgo su seguridad.<\/p>\n\n\n\n<p>La Municipalidad tambi\u00e9n ha emitido un comunicado alertando sobre las marejadas y recomendando a la ciudadan\u00eda evitar las \u00e1reas afectadas y seguir las alertas para prevenir accidentes.<\/p>\n","protected":false},"excerpt":{"rendered":"<p>La regi\u00f3n de Coquimbo est\u00e1 siendo afectada por intensas marejadas que han generado preocupaci\u00f3n entre autoridades y comunidad<\/p>\n","protected":false},"author":2,"featured_media":9291,"comment_status":"closed","ping_status":"open","sticky":false,"template":"","format":"standard","meta":{"_jetpack_memberships_contains_paid_content":false,"jnews-multi-image_gallery":[],"jnews_single_post":{"format":"standard"},"jnews_primary_category":[],"jnews_social_meta":[],"jnews_paywall_metabox":[],"jnews_review":[],"enable_review":"","type":"","name":"","summary":"","brand":"","sku":"","good":[],"bad":[],"score_override":"","override_value":"","rating":[],"price":[],"jnews_override_counter":[],"jnews_post_split":[],"footnotes":""},"categories":[21],"tags":[],"class_list":["post-9292","post","type-post","status-publish","format-standard","has-post-thumbnail","hentry","category-nacional"],"jetpack_featured_media_url":"https:\/\/laserenaradio.cl\/web\/wp-content\/uploads\/2024\/12\/img_webpLaCoquimbomarejadasMunicipalidadbregionChilesiendoafectadaintensas_3.webp","jetpack_sharing_enabled":true,"_links":{"self":[{"href":"https:\/\/laserenaradio.cl\/web\/wp-json\/wp\/v2\/posts\/9292","targetHints":{"allow":["GET"]}}],"collection":[{"href":"https:\/\/laserenaradio.cl\/web\/wp-json\/wp\/v2\/posts"}],"about":[{"href":"https:\/\/laserenaradio.cl\/web\/wp-json\/wp\/v2\/types\/post"}],"author":[{"embeddable":true,"href":"https:\/\/laserenaradio.cl\/web\/wp-json\/wp\/v2\/users\/2"}],"replies":[{"embeddable":true,"href":"https:\/\/laserenaradio.cl\/web\/wp-json\/wp\/v2\/comments?post=9292"}],"version-history":[{"count":2,"href":"https:\/\/laserenaradio.cl\/web\/wp-json\/wp\/v2\/posts\/9292\/revisions"}],"predecessor-version":[{"id":9321,"href":"https:\/\/laserenaradio.cl\/web\/wp-json\/wp\/v2\/posts\/9292\/revisions\/9321"}],"wp:featuredmedia":[{"embeddable":true,"href":"https:\/\/laserenaradio.cl\/web\/wp-json\/wp\/v2\/media\/9291"}],"wp:attachment":[{"href":"https:\/\/laserenaradio.cl\/web\/wp-json\/wp\/v2\/media?parent=9292"}],"wp:term":[{"taxonomy":"category","embeddable":true,"href":"https:\/\/laserenaradio.cl\/web\/wp-json\/wp\/v2\/categories?post=9292"},{"taxonomy":"post_tag","embeddable":true,"href":"https:\/\/laserenaradio.cl\/web\/wp-json\/wp\/v2\/tags?post=9292"}],"curies":[{"name":"wp","href":"https:\/\/api.w.org\/{rel}","templated":true}]}}