{"id":9221,"date":"2024-12-28T10:29:59","date_gmt":"2024-12-28T13:29:59","guid":{"rendered":"https:\/\/laserenaradio.cl\/web\/?p=9221"},"modified":"2024-12-28T10:29:59","modified_gmt":"2024-12-28T13:29:59","slug":"la-brigada-antinarcoticos-detuvo-a-217-personas-por-infracciones-y-incauto-drogas-y-armas-en-valdivia","status":"publish","type":"post","link":"https:\/\/laserenaradio.cl\/web\/2024\/12\/28\/la-brigada-antinarcoticos-detuvo-a-217-personas-por-infracciones-y-incauto-drogas-y-armas-en-valdivia\/","title":{"rendered":"La Brigada Antinarc\u00f3ticos detuvo a 217 personas por infracciones y incaut\u00f3 drogas y armas en Valdivia"},"content":{"rendered":"<p><b>La Brigada Antinarc\u00f3ticos y Contra el Crimen Organizado de Valdivia inform\u00f3 sobre sus resultados del 2024<\/b><!--more-->.<\/p>\n<p>El jefe de la unidad, prefecto Cristian Ch\u00e1vez Garc\u00eda, detall\u00f3 que:<\/p>\n<p>*   Se detuvo a 199 personas por infracci\u00f3n a la Ley de Drogas y a 18 por infracci\u00f3n a la Ley de Armas.<br \/>\n*   Se incautaron drogas en diversas diligencias realizadas.<br \/>\n*   Se desarticul\u00f3 un total de 14 organizaciones criminales.<br \/>\n*   Se impidi\u00f3 que un total de 2.875.000 dosis de droga llegaran a manos de traficantes.<br \/>\n*   La droga incautada super\u00f3 los $3 mil 466 millones de pesos.<br \/>\n*   Se sac\u00f3 de circulaci\u00f3n un total de 3.776 cartuchos de municiones y 55 armas de fuego.<\/p>\n<p>El organismo trabaj\u00f3 en conjunto con la Brigada Investigadora de Lavados de Activos (BRILAC) para incautar patrimonio a las estructuras criminales..<\/p>\n","protected":false},"excerpt":{"rendered":"<p>La Brigada Antinarc\u00f3ticos y Contra el Crimen Organizado de Valdivia inform\u00f3 sobre sus resultados del 2024<\/p>\n","protected":false},"author":2,"featured_media":9220,"comment_status":"closed","ping_status":"open","sticky":false,"template":"","format":"standard","meta":{"_jetpack_memberships_contains_paid_content":false,"jnews-multi-image_gallery":[],"jnews_single_post":[],"jnews_primary_category":[],"jnews_social_meta":[],"jnews_paywall_metabox":[],"jnews_review":[],"enable_review":"","type":"","name":"","summary":"","brand":"","sku":"","good":[],"bad":[],"score_override":"","override_value":"","rating":[],"price":[],"jnews_override_counter":[],"jnews_post_split":[],"footnotes":""},"categories":[21],"tags":[],"class_list":["post-9221","post","type-post","status-publish","format-standard","has-post-thumbnail","hentry","category-nacional"],"jetpack_featured_media_url":"https:\/\/laserenaradio.cl\/web\/wp-content\/uploads\/2024\/12\/img_webpSetotalLaBrigadaElinfraccionLeycriminalesdrogab_2.webp","jetpack_sharing_enabled":true,"_links":{"self":[{"href":"https:\/\/laserenaradio.cl\/web\/wp-json\/wp\/v2\/posts\/9221","targetHints":{"allow":["GET"]}}],"collection":[{"href":"https:\/\/laserenaradio.cl\/web\/wp-json\/wp\/v2\/posts"}],"about":[{"href":"https:\/\/laserenaradio.cl\/web\/wp-json\/wp\/v2\/types\/post"}],"author":[{"embeddable":true,"href":"https:\/\/laserenaradio.cl\/web\/wp-json\/wp\/v2\/users\/2"}],"replies":[{"embeddable":true,"href":"https:\/\/laserenaradio.cl\/web\/wp-json\/wp\/v2\/comments?post=9221"}],"version-history":[{"count":1,"href":"https:\/\/laserenaradio.cl\/web\/wp-json\/wp\/v2\/posts\/9221\/revisions"}],"predecessor-version":[{"id":9222,"href":"https:\/\/laserenaradio.cl\/web\/wp-json\/wp\/v2\/posts\/9221\/revisions\/9222"}],"wp:featuredmedia":[{"embeddable":true,"href":"https:\/\/laserenaradio.cl\/web\/wp-json\/wp\/v2\/media\/9220"}],"wp:attachment":[{"href":"https:\/\/laserenaradio.cl\/web\/wp-json\/wp\/v2\/media?parent=9221"}],"wp:term":[{"taxonomy":"category","embeddable":true,"href":"https:\/\/laserenaradio.cl\/web\/wp-json\/wp\/v2\/categories?post=9221"},{"taxonomy":"post_tag","embeddable":true,"href":"https:\/\/laserenaradio.cl\/web\/wp-json\/wp\/v2\/tags?post=9221"}],"curies":[{"name":"wp","href":"https:\/\/api.w.org\/{rel}","templated":true}]}}