{"id":9215,"date":"2024-12-27T17:15:10","date_gmt":"2024-12-27T20:15:10","guid":{"rendered":"https:\/\/laserenaradio.cl\/web\/?p=9215"},"modified":"2024-12-27T17:15:10","modified_gmt":"2024-12-27T20:15:10","slug":"carabineros-detuvo-a-tres-personas-acusadas-de-homicidios-y-secuestros-en-valparaiso","status":"publish","type":"post","link":"https:\/\/laserenaradio.cl\/web\/2024\/12\/27\/carabineros-detuvo-a-tres-personas-acusadas-de-homicidios-y-secuestros-en-valparaiso\/","title":{"rendered":"Carabineros detuvo a tres personas acusadas de homicidios y secuestros en Valpara\u00edso."},"content":{"rendered":"<p><b>El viernes pasado, personal de <a href=\"https:\/\/www.carabineros.cl\/\">Carabineros<\/a> detuvo a un hombre de 22 a\u00f1os, conocido como &#8220;Jossy&#8221;, acusado de varios delitos en Valpara\u00edso<\/b><!--more-->.<\/p>\n<p>Se le acusa de ser el presunto autor del homicidio de un narcotraficante conocido como &#8220;\u00d1aju&#8221;, quien recibi\u00f3 cerca de 30 disparos en marzo de 2023.<\/p>\n<p>Adem\u00e1s, tambi\u00e9n se investiga por su posible participaci\u00f3n en secuestros en la ciudad.<\/p>\n<p>Las detenciones se realizaron a trav\u00e9s de allanamientos simult\u00e1neos a dos domicilios en Playa Ancha, con la participaci\u00f3n de carabineros de Control de Orden P\u00fablico y del GOPE.<\/p>\n<p>Los detenidos, incluyendo a &#8220;Jossy&#8221; y otras dos personas, fueron puestos a disposici\u00f3n del Juzgado de Garant\u00eda de Valpara\u00edso.<\/p>\n","protected":false},"excerpt":{"rendered":"<p>El viernes pasado, personal de Carabineros detuvo a un hombre de 22 a\u00f1os, conocido como &#8220;Jossy&#8221;, acusado de varios delitos en Valpara\u00edso<\/p>\n","protected":false},"author":2,"featured_media":9076,"comment_status":"closed","ping_status":"open","sticky":false,"template":"","format":"standard","meta":{"_jetpack_memberships_contains_paid_content":false,"jnews-multi-image_gallery":[],"jnews_single_post":[],"jnews_primary_category":[],"jnews_social_meta":[],"jnews_paywall_metabox":[],"jnews_review":[],"enable_review":"","type":"","name":"","summary":"","brand":"","sku":"","good":[],"bad":[],"score_override":"","override_value":"","rating":[],"price":[],"jnews_override_counter":[],"jnews_post_split":[],"footnotes":""},"categories":[21],"tags":[],"class_list":["post-9215","post","type-post","status-publish","format-standard","has-post-thumbnail","hentry","category-nacional"],"jetpack_featured_media_url":"https:\/\/laserenaradio.cl\/web\/wp-content\/uploads\/2024\/12\/laserenaradio_nacional.webp","jetpack_sharing_enabled":true,"_links":{"self":[{"href":"https:\/\/laserenaradio.cl\/web\/wp-json\/wp\/v2\/posts\/9215","targetHints":{"allow":["GET"]}}],"collection":[{"href":"https:\/\/laserenaradio.cl\/web\/wp-json\/wp\/v2\/posts"}],"about":[{"href":"https:\/\/laserenaradio.cl\/web\/wp-json\/wp\/v2\/types\/post"}],"author":[{"embeddable":true,"href":"https:\/\/laserenaradio.cl\/web\/wp-json\/wp\/v2\/users\/2"}],"replies":[{"embeddable":true,"href":"https:\/\/laserenaradio.cl\/web\/wp-json\/wp\/v2\/comments?post=9215"}],"version-history":[{"count":1,"href":"https:\/\/laserenaradio.cl\/web\/wp-json\/wp\/v2\/posts\/9215\/revisions"}],"predecessor-version":[{"id":9216,"href":"https:\/\/laserenaradio.cl\/web\/wp-json\/wp\/v2\/posts\/9215\/revisions\/9216"}],"wp:featuredmedia":[{"embeddable":true,"href":"https:\/\/laserenaradio.cl\/web\/wp-json\/wp\/v2\/media\/9076"}],"wp:attachment":[{"href":"https:\/\/laserenaradio.cl\/web\/wp-json\/wp\/v2\/media?parent=9215"}],"wp:term":[{"taxonomy":"category","embeddable":true,"href":"https:\/\/laserenaradio.cl\/web\/wp-json\/wp\/v2\/categories?post=9215"},{"taxonomy":"post_tag","embeddable":true,"href":"https:\/\/laserenaradio.cl\/web\/wp-json\/wp\/v2\/tags?post=9215"}],"curies":[{"name":"wp","href":"https:\/\/api.w.org\/{rel}","templated":true}]}}