{"id":9200,"date":"2024-12-27T15:46:49","date_gmt":"2024-12-27T18:46:49","guid":{"rendered":"https:\/\/laserenaradio.cl\/web\/?p=9200"},"modified":"2024-12-27T15:46:49","modified_gmt":"2024-12-27T18:46:49","slug":"un-hombre-es-condenado-a-prision-por-atropellar-a-una-mujer-de-73-anos-mientras-conducia-bajo-los-efectos-de-marihuana","status":"publish","type":"post","link":"https:\/\/laserenaradio.cl\/web\/2024\/12\/27\/un-hombre-es-condenado-a-prision-por-atropellar-a-una-mujer-de-73-anos-mientras-conducia-bajo-los-efectos-de-marihuana\/","title":{"rendered":"Un hombre es condenado a prisi\u00f3n por atropellar a una mujer de 73 a\u00f1os mientras conduc\u00eda bajo los efectos de marihuana"},"content":{"rendered":"<p><b>Un juez orden\u00f3 la prisi\u00f3n preventiva del conductor de un veh\u00edculo que atropell\u00f3 y mat\u00f3 a una mujer de 73 a\u00f1os en el centro de Santiago<\/b><!--more-->.<\/p>\n<p>El accidente ocurri\u00f3 despu\u00e9s de que el conductor, quien conduc\u00eda bajo los efectos de marihuana sin licencia de conducir, huy\u00f3 del escenario del crimen y luego fue detenido por <a href=\"https:\/\/www.carabineros.cl\/\">Carabineros<\/a> con la ayuda de drones.<\/p>\n<p>El juez consider\u00f3 que la libertad del acusado constitu\u00eda un peligro para la sociedad y que hab\u00eda un alto riesgo de fuga.<\/p>\n<p>Tres personas, incluido el copiloto del veh\u00edculo, fueron detenidas y est\u00e1n siendo investigadas por su posible implicaci\u00f3n en el accidente.<\/p>\n","protected":false},"excerpt":{"rendered":"<p>Un juez orden\u00f3 la prisi\u00f3n preventiva del conductor de un veh\u00edculo que atropell\u00f3 y mat\u00f3 a una mujer de 73 a\u00f1os en el centro de Santiago<\/p>\n","protected":false},"author":2,"featured_media":9199,"comment_status":"closed","ping_status":"open","sticky":false,"template":"","format":"standard","meta":{"_jetpack_memberships_contains_paid_content":false,"jnews-multi-image_gallery":[],"jnews_single_post":[],"jnews_primary_category":[],"jnews_social_meta":[],"jnews_paywall_metabox":[],"jnews_review":[],"enable_review":"","type":"","name":"","summary":"","brand":"","sku":"","good":[],"bad":[],"score_override":"","override_value":"","rating":[],"price":[],"jnews_override_counter":[],"jnews_post_split":[],"footnotes":""},"categories":[21],"tags":[],"class_list":["post-9200","post","type-post","status-publish","format-standard","has-post-thumbnail","hentry","category-nacional"],"jetpack_featured_media_url":"https:\/\/laserenaradio.cl\/web\/wp-content\/uploads\/2024\/12\/img_webpjuezconductorvehiculoElaccidentebUnchilenoordenoprision_1.webp","jetpack_sharing_enabled":true,"_links":{"self":[{"href":"https:\/\/laserenaradio.cl\/web\/wp-json\/wp\/v2\/posts\/9200","targetHints":{"allow":["GET"]}}],"collection":[{"href":"https:\/\/laserenaradio.cl\/web\/wp-json\/wp\/v2\/posts"}],"about":[{"href":"https:\/\/laserenaradio.cl\/web\/wp-json\/wp\/v2\/types\/post"}],"author":[{"embeddable":true,"href":"https:\/\/laserenaradio.cl\/web\/wp-json\/wp\/v2\/users\/2"}],"replies":[{"embeddable":true,"href":"https:\/\/laserenaradio.cl\/web\/wp-json\/wp\/v2\/comments?post=9200"}],"version-history":[{"count":1,"href":"https:\/\/laserenaradio.cl\/web\/wp-json\/wp\/v2\/posts\/9200\/revisions"}],"predecessor-version":[{"id":9201,"href":"https:\/\/laserenaradio.cl\/web\/wp-json\/wp\/v2\/posts\/9200\/revisions\/9201"}],"wp:featuredmedia":[{"embeddable":true,"href":"https:\/\/laserenaradio.cl\/web\/wp-json\/wp\/v2\/media\/9199"}],"wp:attachment":[{"href":"https:\/\/laserenaradio.cl\/web\/wp-json\/wp\/v2\/media?parent=9200"}],"wp:term":[{"taxonomy":"category","embeddable":true,"href":"https:\/\/laserenaradio.cl\/web\/wp-json\/wp\/v2\/categories?post=9200"},{"taxonomy":"post_tag","embeddable":true,"href":"https:\/\/laserenaradio.cl\/web\/wp-json\/wp\/v2\/tags?post=9200"}],"curies":[{"name":"wp","href":"https:\/\/api.w.org\/{rel}","templated":true}]}}