{"id":9174,"date":"2024-12-27T11:20:26","date_gmt":"2024-12-27T14:20:26","guid":{"rendered":"https:\/\/laserenaradio.cl\/web\/?p=9174"},"modified":"2024-12-27T11:20:26","modified_gmt":"2024-12-27T14:20:26","slug":"filas-largas-y-caos-en-terminal-internacional-del-aeropuerto-de-santiago-debido-a-problemas-con-control-migratorio","status":"publish","type":"post","link":"https:\/\/laserenaradio.cl\/web\/2024\/12\/27\/filas-largas-y-caos-en-terminal-internacional-del-aeropuerto-de-santiago-debido-a-problemas-con-control-migratorio\/","title":{"rendered":"Filas largas y caos en terminal internacional del Aeropuerto de Santiago debido a problemas con control migratorio"},"content":{"rendered":"<p><b>La situaci\u00f3n en el terminal internacional del Aeropuerto de Santiago est\u00e1 causando largas filas de pasajeros debido a problemas con el control migratorio de la PDI (Polic\u00eda de Investigaciones)<\/b><!--more-->.<\/p>\n<p>A partir de septiembre, la polic\u00eda civil implement\u00f3 un sistema automatizado para revisar a los viajeros internacionales, pero esto no ha mejorado la situaci\u00f3n. En cambio, se han generado largas filas que incluso superan la zona de control.<\/p>\n<p>La llegada de las fiestas de fin de a\u00f1o y el verano han agravado la situaci\u00f3n, lo que llev\u00f3 al gerente regional de Air Canada en Chile a publicar un video en LinkedIn mostrando una fila extensa.<\/p>\n<p>El presidente ejecutivo de Sky calific\u00f3 la situaci\u00f3n como &#8220;vergonzosa&#8221;.<\/p>\n<p>La Asociaci\u00f3n Chilena de L\u00edneas A\u00e9reas (Achila) ha emitido un comunicado denunciando esta situaci\u00f3n y solicitando medidas urgentes para resolver la crisis.<\/p>\n<p>La concesionaria del aeropuerto, Nuevo Pudahuel, afirm\u00f3 que la PDI hab\u00eda simplificado el control en los t\u00f3tems reduciendo el n\u00famero de preguntas, pero esto no parece haber mejorado la situaci\u00f3n.<\/p>\n","protected":false},"excerpt":{"rendered":"<p>La situaci\u00f3n en el terminal internacional del Aeropuerto de Santiago est\u00e1 causando largas filas de pasajeros debido a problemas con el control migratorio de la PDI (Polic\u00eda de Investigaciones)<\/p>\n","protected":false},"author":2,"featured_media":9173,"comment_status":"closed","ping_status":"open","sticky":false,"template":"","format":"standard","meta":{"_jetpack_memberships_contains_paid_content":false,"jnews-multi-image_gallery":[],"jnews_single_post":[],"jnews_primary_category":[],"jnews_social_meta":[],"jnews_paywall_metabox":[],"jnews_review":[],"enable_review":"","type":"","name":"","summary":"","brand":"","sku":"","good":[],"bad":[],"score_override":"","override_value":"","rating":[],"price":[],"jnews_override_counter":[],"jnews_post_split":[],"footnotes":""},"categories":[21],"tags":[],"class_list":["post-9174","post","type-post","status-publish","format-standard","has-post-thumbnail","hentry","category-nacional"],"jetpack_featured_media_url":"https:\/\/laserenaradio.cl\/web\/wp-content\/uploads\/2024\/12\/img_webpsituacionLacontrollargasfilasPDImejoradobterminalinternacional_1.webp","jetpack_sharing_enabled":true,"_links":{"self":[{"href":"https:\/\/laserenaradio.cl\/web\/wp-json\/wp\/v2\/posts\/9174","targetHints":{"allow":["GET"]}}],"collection":[{"href":"https:\/\/laserenaradio.cl\/web\/wp-json\/wp\/v2\/posts"}],"about":[{"href":"https:\/\/laserenaradio.cl\/web\/wp-json\/wp\/v2\/types\/post"}],"author":[{"embeddable":true,"href":"https:\/\/laserenaradio.cl\/web\/wp-json\/wp\/v2\/users\/2"}],"replies":[{"embeddable":true,"href":"https:\/\/laserenaradio.cl\/web\/wp-json\/wp\/v2\/comments?post=9174"}],"version-history":[{"count":1,"href":"https:\/\/laserenaradio.cl\/web\/wp-json\/wp\/v2\/posts\/9174\/revisions"}],"predecessor-version":[{"id":9175,"href":"https:\/\/laserenaradio.cl\/web\/wp-json\/wp\/v2\/posts\/9174\/revisions\/9175"}],"wp:featuredmedia":[{"embeddable":true,"href":"https:\/\/laserenaradio.cl\/web\/wp-json\/wp\/v2\/media\/9173"}],"wp:attachment":[{"href":"https:\/\/laserenaradio.cl\/web\/wp-json\/wp\/v2\/media?parent=9174"}],"wp:term":[{"taxonomy":"category","embeddable":true,"href":"https:\/\/laserenaradio.cl\/web\/wp-json\/wp\/v2\/categories?post=9174"},{"taxonomy":"post_tag","embeddable":true,"href":"https:\/\/laserenaradio.cl\/web\/wp-json\/wp\/v2\/tags?post=9174"}],"curies":[{"name":"wp","href":"https:\/\/api.w.org\/{rel}","templated":true}]}}