{"id":9156,"date":"2024-12-27T10:21:19","date_gmt":"2024-12-27T13:21:19","guid":{"rendered":"https:\/\/laserenaradio.cl\/web\/?p=9156"},"modified":"2024-12-27T10:44:25","modified_gmt":"2024-12-27T13:44:25","slug":"dos-buses-se-chocan-en-estacion-central-dejando-18-heridos","status":"publish","type":"post","link":"https:\/\/laserenaradio.cl\/web\/2024\/12\/27\/dos-buses-se-chocan-en-estacion-central-dejando-18-heridos\/","title":{"rendered":"Dos buses se chocan en Estaci\u00f3n Central, dejando 18 heridos"},"content":{"rendered":"\n<p><b>Dos buses, uno de Pullman del Sur y otro de Bupesa, colisionaron en la intersecci\u00f3n de Obispo Uma\u00f1a con Iquique en Estaci\u00f3n Central, Santiago<\/b><\/p>\n\n\n\n<!--more-->\n\n\n\n<p>.<\/p>\n\n\n\n<p>El chofer del bus de Pullman no respet\u00f3 una se\u00f1al &#8220;Pare&#8221; y tuvo un impacto con el otro veh\u00edculo, resultando 18 heridos, incluyendo los dos conductores que quedaron atrapados.<\/p>\n\n\n\n<p>Los bomberos rescataron a las personas atrapadas y trasladaron a los heridos a centros asistenciales.<\/p>\n\n\n\n<figure class=\"wp-block-embed is-type-rich is-provider-twitter wp-block-embed-twitter\"><div class=\"wp-block-embed__wrapper\">\n<blockquote class=\"twitter-tweet\" data-width=\"500\" data-dnt=\"true\"><p lang=\"es\" dir=\"ltr\">\u2600\ufe0f<a href=\"https:\/\/twitter.com\/hashtag\/BuenosD%C3%ADasTVN?src=hash&amp;ref_src=twsrc%5Etfw\">#BuenosD\u00edasTVN<\/a> | Choque de alto impacto entre un microbus y un bus en Estaci\u00f3n Central<br><br>\ud83d\udcf2 Se\u00f1al <a href=\"https:\/\/twitter.com\/hashtag\/ENVIVOTVN?src=hash&amp;ref_src=twsrc%5Etfw\">#ENVIVOTVN<\/a> <a href=\"https:\/\/t.co\/sKRic98NgD\">https:\/\/t.co\/sKRic98NgD<\/a>   <br><br>\ud83d\udcf2 <a href=\"https:\/\/twitter.com\/hashtag\/Youtube?src=hash&amp;ref_src=twsrc%5Etfw\">#Youtube<\/a> \u27a1\ufe0f<a href=\"https:\/\/t.co\/ZIWnqjZv5m\">https:\/\/t.co\/ZIWnqjZv5m<\/a> <a href=\"https:\/\/t.co\/rMwBsIDOlC\">pic.twitter.com\/rMwBsIDOlC<\/a><\/p>&mdash; Buenos D\u00edas a Todos (@BuenosDiasTVN) <a href=\"https:\/\/twitter.com\/BuenosDiasTVN\/status\/1872605631586455658?ref_src=twsrc%5Etfw\">December 27, 2024<\/a><\/blockquote><script async src=\"https:\/\/platform.twitter.com\/widgets.js\" charset=\"utf-8\"><\/script>\n<\/div><\/figure>\n","protected":false},"excerpt":{"rendered":"<p>Dos buses, uno de Pullman del Sur y otro de Bupesa, colisionaron en la intersecci\u00f3n de Obispo Uma\u00f1a con Iquique en Estaci\u00f3n Central, Santiago<\/p>\n","protected":false},"author":2,"featured_media":9078,"comment_status":"closed","ping_status":"open","sticky":false,"template":"","format":"standard","meta":{"_jetpack_memberships_contains_paid_content":false,"jnews-multi-image_gallery":[],"jnews_single_post":{"format":"standard"},"jnews_primary_category":[],"jnews_social_meta":[],"jnews_paywall_metabox":[],"jnews_review":[],"enable_review":"","type":"","name":"","summary":"","brand":"","sku":"","good":[],"bad":[],"score_override":"","override_value":"","rating":[],"price":[],"jnews_override_counter":[],"jnews_post_split":[],"footnotes":""},"categories":[21],"tags":[],"class_list":["post-9156","post","type-post","status-publish","format-standard","has-post-thumbnail","hentry","category-nacional"],"jetpack_featured_media_url":"https:\/\/laserenaradio.cl\/web\/wp-content\/uploads\/2024\/12\/laserenaradio_ultimo_minuto.webp","jetpack_sharing_enabled":true,"_links":{"self":[{"href":"https:\/\/laserenaradio.cl\/web\/wp-json\/wp\/v2\/posts\/9156","targetHints":{"allow":["GET"]}}],"collection":[{"href":"https:\/\/laserenaradio.cl\/web\/wp-json\/wp\/v2\/posts"}],"about":[{"href":"https:\/\/laserenaradio.cl\/web\/wp-json\/wp\/v2\/types\/post"}],"author":[{"embeddable":true,"href":"https:\/\/laserenaradio.cl\/web\/wp-json\/wp\/v2\/users\/2"}],"replies":[{"embeddable":true,"href":"https:\/\/laserenaradio.cl\/web\/wp-json\/wp\/v2\/comments?post=9156"}],"version-history":[{"count":3,"href":"https:\/\/laserenaradio.cl\/web\/wp-json\/wp\/v2\/posts\/9156\/revisions"}],"predecessor-version":[{"id":9169,"href":"https:\/\/laserenaradio.cl\/web\/wp-json\/wp\/v2\/posts\/9156\/revisions\/9169"}],"wp:featuredmedia":[{"embeddable":true,"href":"https:\/\/laserenaradio.cl\/web\/wp-json\/wp\/v2\/media\/9078"}],"wp:attachment":[{"href":"https:\/\/laserenaradio.cl\/web\/wp-json\/wp\/v2\/media?parent=9156"}],"wp:term":[{"taxonomy":"category","embeddable":true,"href":"https:\/\/laserenaradio.cl\/web\/wp-json\/wp\/v2\/categories?post=9156"},{"taxonomy":"post_tag","embeddable":true,"href":"https:\/\/laserenaradio.cl\/web\/wp-json\/wp\/v2\/tags?post=9156"}],"curies":[{"name":"wp","href":"https:\/\/api.w.org\/{rel}","templated":true}]}}