{"id":9146,"date":"2024-12-27T10:00:22","date_gmt":"2024-12-27T13:00:22","guid":{"rendered":"https:\/\/laserenaradio.cl\/web\/?p=9146"},"modified":"2024-12-27T10:00:22","modified_gmt":"2024-12-27T13:00:22","slug":"ataque-incendiario-en-padre-las-casas-deja-6-camiones-y-un-auto-destruidos","status":"publish","type":"post","link":"https:\/\/laserenaradio.cl\/web\/2024\/12\/27\/ataque-incendiario-en-padre-las-casas-deja-6-camiones-y-un-auto-destruidos\/","title":{"rendered":"Ataque incendiario en Padre Las Casas deja 6 camiones y un auto destruidos"},"content":{"rendered":"<p><b>En la regi\u00f3n de La Araucan\u00eda (Chile), un ataque incendiario caus\u00f3 da\u00f1os a al menos 6 camiones y un auto quemado en un recinto de la empresa Provos, ubicada a 300 metros de la zona urbana de Padre Las Casas<\/b><!--more-->.<\/p>\n<p>El incidente ocurri\u00f3 en el sector de Metrenco, unos 13 kil\u00f3metros al sur de Temuco.<\/p>\n<p>Unidades de bomberos llegaron al lugar y controlaron las llamas, pero una voluntaria result\u00f3 herida debido a una ca\u00edda.<\/p>\n<p>La Fiscal\u00eda orden\u00f3 la presencia de personal de la Polic\u00eda de Investigaciones para investigar el incidente.<\/p>\n","protected":false},"excerpt":{"rendered":"<p>En la regi\u00f3n de La Araucan\u00eda (Chile), un ataque incendiario caus\u00f3 da\u00f1os a al menos 6 camiones y un auto quemado en un recinto de la empresa Provos, ubicada a 300 metros de la zona urbana de Padre Las Casas<\/p>\n","protected":false},"author":2,"featured_media":9145,"comment_status":"closed","ping_status":"open","sticky":false,"template":"","format":"standard","meta":{"_jetpack_memberships_contains_paid_content":false,"jnews-multi-image_gallery":[],"jnews_single_post":[],"jnews_primary_category":[],"jnews_social_meta":[],"jnews_paywall_metabox":[],"jnews_review":[],"enable_review":"","type":"","name":"","summary":"","brand":"","sku":"","good":[],"bad":[],"score_override":"","override_value":"","rating":[],"price":[],"jnews_override_counter":[],"jnews_post_split":[],"footnotes":""},"categories":[21],"tags":[],"class_list":["post-9146","post","type-post","status-publish","format-standard","has-post-thumbnail","hentry","category-nacional"],"jetpack_featured_media_url":"https:\/\/laserenaradio.cl\/web\/wp-content\/uploads\/2024\/12\/img_webpLaincidentebEnregionAraucaniaChileataqueincendiariocauso_2.webp","jetpack_sharing_enabled":true,"_links":{"self":[{"href":"https:\/\/laserenaradio.cl\/web\/wp-json\/wp\/v2\/posts\/9146","targetHints":{"allow":["GET"]}}],"collection":[{"href":"https:\/\/laserenaradio.cl\/web\/wp-json\/wp\/v2\/posts"}],"about":[{"href":"https:\/\/laserenaradio.cl\/web\/wp-json\/wp\/v2\/types\/post"}],"author":[{"embeddable":true,"href":"https:\/\/laserenaradio.cl\/web\/wp-json\/wp\/v2\/users\/2"}],"replies":[{"embeddable":true,"href":"https:\/\/laserenaradio.cl\/web\/wp-json\/wp\/v2\/comments?post=9146"}],"version-history":[{"count":1,"href":"https:\/\/laserenaradio.cl\/web\/wp-json\/wp\/v2\/posts\/9146\/revisions"}],"predecessor-version":[{"id":9147,"href":"https:\/\/laserenaradio.cl\/web\/wp-json\/wp\/v2\/posts\/9146\/revisions\/9147"}],"wp:featuredmedia":[{"embeddable":true,"href":"https:\/\/laserenaradio.cl\/web\/wp-json\/wp\/v2\/media\/9145"}],"wp:attachment":[{"href":"https:\/\/laserenaradio.cl\/web\/wp-json\/wp\/v2\/media?parent=9146"}],"wp:term":[{"taxonomy":"category","embeddable":true,"href":"https:\/\/laserenaradio.cl\/web\/wp-json\/wp\/v2\/categories?post=9146"},{"taxonomy":"post_tag","embeddable":true,"href":"https:\/\/laserenaradio.cl\/web\/wp-json\/wp\/v2\/tags?post=9146"}],"curies":[{"name":"wp","href":"https:\/\/api.w.org\/{rel}","templated":true}]}}