{"id":9140,"date":"2024-12-27T07:57:47","date_gmt":"2024-12-27T10:57:47","guid":{"rendered":"https:\/\/laserenaradio.cl\/web\/?p=9140"},"modified":"2024-12-27T07:57:47","modified_gmt":"2024-12-27T10:57:47","slug":"hombre-de-28-anos-asesinado-con-diez-disparos-en-vina-del-mar","status":"publish","type":"post","link":"https:\/\/laserenaradio.cl\/web\/2024\/12\/27\/hombre-de-28-anos-asesinado-con-diez-disparos-en-vina-del-mar\/","title":{"rendered":"Hombre de 28 a\u00f1os asesinado con diez disparos en Vi\u00f1a del Mar"},"content":{"rendered":"<p><b>Un hombre de 28 a\u00f1os muri\u00f3 despu\u00e9s de recibir m\u00faltiples disparos en el barrio G\u00f3mez Carre\u00f1o, en Vi\u00f1a del Mar, Chile<\/b><!--more-->.<\/p>\n<p>La v\u00edctima hab\u00eda salido a subir al auto de su madre cuando fue abordada por una persona que estaba en otro veh\u00edculo.<\/p>\n<p>Esa persona le dispar\u00f3 al menos 10 veces, y luego la v\u00edctima fue llevada al Hospital Gustavo Fricke donde muri\u00f3 debido a las heridas graves.<\/p>\n<p>La polic\u00eda est\u00e1 investigando el caso.<\/p>\n","protected":false},"excerpt":{"rendered":"<p>Un hombre de 28 a\u00f1os muri\u00f3 despu\u00e9s de recibir m\u00faltiples disparos en el barrio G\u00f3mez Carre\u00f1o, en Vi\u00f1a del Mar, Chile<\/p>\n","protected":false},"author":2,"featured_media":9078,"comment_status":"closed","ping_status":"open","sticky":false,"template":"","format":"standard","meta":{"_jetpack_memberships_contains_paid_content":false,"jnews-multi-image_gallery":[],"jnews_single_post":[],"jnews_primary_category":[],"jnews_social_meta":[],"jnews_paywall_metabox":[],"jnews_review":[],"enable_review":"","type":"","name":"","summary":"","brand":"","sku":"","good":[],"bad":[],"score_override":"","override_value":"","rating":[],"price":[],"jnews_override_counter":[],"jnews_post_split":[],"footnotes":""},"categories":[21],"tags":[],"class_list":["post-9140","post","type-post","status-publish","format-standard","has-post-thumbnail","hentry","category-nacional"],"jetpack_featured_media_url":"https:\/\/laserenaradio.cl\/web\/wp-content\/uploads\/2024\/12\/laserenaradio_ultimo_minuto.webp","jetpack_sharing_enabled":true,"_links":{"self":[{"href":"https:\/\/laserenaradio.cl\/web\/wp-json\/wp\/v2\/posts\/9140","targetHints":{"allow":["GET"]}}],"collection":[{"href":"https:\/\/laserenaradio.cl\/web\/wp-json\/wp\/v2\/posts"}],"about":[{"href":"https:\/\/laserenaradio.cl\/web\/wp-json\/wp\/v2\/types\/post"}],"author":[{"embeddable":true,"href":"https:\/\/laserenaradio.cl\/web\/wp-json\/wp\/v2\/users\/2"}],"replies":[{"embeddable":true,"href":"https:\/\/laserenaradio.cl\/web\/wp-json\/wp\/v2\/comments?post=9140"}],"version-history":[{"count":1,"href":"https:\/\/laserenaradio.cl\/web\/wp-json\/wp\/v2\/posts\/9140\/revisions"}],"predecessor-version":[{"id":9141,"href":"https:\/\/laserenaradio.cl\/web\/wp-json\/wp\/v2\/posts\/9140\/revisions\/9141"}],"wp:featuredmedia":[{"embeddable":true,"href":"https:\/\/laserenaradio.cl\/web\/wp-json\/wp\/v2\/media\/9078"}],"wp:attachment":[{"href":"https:\/\/laserenaradio.cl\/web\/wp-json\/wp\/v2\/media?parent=9140"}],"wp:term":[{"taxonomy":"category","embeddable":true,"href":"https:\/\/laserenaradio.cl\/web\/wp-json\/wp\/v2\/categories?post=9140"},{"taxonomy":"post_tag","embeddable":true,"href":"https:\/\/laserenaradio.cl\/web\/wp-json\/wp\/v2\/tags?post=9140"}],"curies":[{"name":"wp","href":"https:\/\/api.w.org\/{rel}","templated":true}]}}