{"id":9138,"date":"2024-12-27T00:19:08","date_gmt":"2024-12-27T03:19:08","guid":{"rendered":"https:\/\/laserenaradio.cl\/web\/?p=9138"},"modified":"2024-12-27T00:19:08","modified_gmt":"2024-12-27T03:19:08","slug":"la-policia-de-investigaciones-indaga-la-muerte-de-un-trabajador-en-un-recinto-en-coronel-bio-bio","status":"publish","type":"post","link":"https:\/\/laserenaradio.cl\/web\/2024\/12\/27\/la-policia-de-investigaciones-indaga-la-muerte-de-un-trabajador-en-un-recinto-en-coronel-bio-bio\/","title":{"rendered":"La Polic\u00eda de Investigaciones indaga la muerte de un trabajador en un recinto en Coronel, B\u00edo B\u00edo"},"content":{"rendered":"<p><b>La Polic\u00eda de Investigaciones (PDI) de Concepci\u00f3n est\u00e1 investigando la muerte de un trabajador en una desarmadur\u00eda en Coronel, regi\u00f3n del B\u00edo B\u00edo<\/b><!--more-->.<\/p>\n<p>El hombre muri\u00f3 bajo una tolva que cay\u00f3 dentro del recinto, lo que inicialmente se consider\u00f3 un accidente laboral.<\/p>\n<p>Sin embargo, el Ministerio P\u00fablico instruy\u00f3 a la brigada especializada de la PDI para investigar el caso y determinar las circunstancias exactas de la muerte.<\/p>\n","protected":false},"excerpt":{"rendered":"<p>La Polic\u00eda de Investigaciones (PDI) de Concepci\u00f3n est\u00e1 investigando la muerte de un trabajador en una desarmadur\u00eda en Coronel, regi\u00f3n del B\u00edo B\u00edo<\/p>\n","protected":false},"author":2,"featured_media":9137,"comment_status":"closed","ping_status":"open","sticky":false,"template":"","format":"standard","meta":{"_jetpack_memberships_contains_paid_content":false,"jnews-multi-image_gallery":[],"jnews_single_post":[],"jnews_primary_category":[],"jnews_social_meta":[],"jnews_paywall_metabox":[],"jnews_review":[],"enable_review":"","type":"","name":"","summary":"","brand":"","sku":"","good":[],"bad":[],"score_override":"","override_value":"","rating":[],"price":[],"jnews_override_counter":[],"jnews_post_split":[],"footnotes":""},"categories":[21],"tags":[],"class_list":["post-9138","post","type-post","status-publish","format-standard","has-post-thumbnail","hentry","category-nacional"],"jetpack_featured_media_url":"https:\/\/laserenaradio.cl\/web\/wp-content\/uploads\/2024\/12\/img_webpPDImuerteBiobLaPoliciaInvestigacionesConcepcioninvestigandotrabajador_0.webp","jetpack_sharing_enabled":true,"_links":{"self":[{"href":"https:\/\/laserenaradio.cl\/web\/wp-json\/wp\/v2\/posts\/9138","targetHints":{"allow":["GET"]}}],"collection":[{"href":"https:\/\/laserenaradio.cl\/web\/wp-json\/wp\/v2\/posts"}],"about":[{"href":"https:\/\/laserenaradio.cl\/web\/wp-json\/wp\/v2\/types\/post"}],"author":[{"embeddable":true,"href":"https:\/\/laserenaradio.cl\/web\/wp-json\/wp\/v2\/users\/2"}],"replies":[{"embeddable":true,"href":"https:\/\/laserenaradio.cl\/web\/wp-json\/wp\/v2\/comments?post=9138"}],"version-history":[{"count":1,"href":"https:\/\/laserenaradio.cl\/web\/wp-json\/wp\/v2\/posts\/9138\/revisions"}],"predecessor-version":[{"id":9139,"href":"https:\/\/laserenaradio.cl\/web\/wp-json\/wp\/v2\/posts\/9138\/revisions\/9139"}],"wp:featuredmedia":[{"embeddable":true,"href":"https:\/\/laserenaradio.cl\/web\/wp-json\/wp\/v2\/media\/9137"}],"wp:attachment":[{"href":"https:\/\/laserenaradio.cl\/web\/wp-json\/wp\/v2\/media?parent=9138"}],"wp:term":[{"taxonomy":"category","embeddable":true,"href":"https:\/\/laserenaradio.cl\/web\/wp-json\/wp\/v2\/categories?post=9138"},{"taxonomy":"post_tag","embeddable":true,"href":"https:\/\/laserenaradio.cl\/web\/wp-json\/wp\/v2\/tags?post=9138"}],"curies":[{"name":"wp","href":"https:\/\/api.w.org\/{rel}","templated":true}]}}