{"id":9135,"date":"2024-12-26T23:35:48","date_gmt":"2024-12-27T02:35:48","guid":{"rendered":"https:\/\/laserenaradio.cl\/web\/?p=9135"},"modified":"2024-12-26T23:35:48","modified_gmt":"2024-12-27T02:35:48","slug":"juez-rebaja-medidas-cautelares-contra-ex-precandidata-a-gobernadora-de-santiago-karina-oliva","status":"publish","type":"post","link":"https:\/\/laserenaradio.cl\/web\/2024\/12\/26\/juez-rebaja-medidas-cautelares-contra-ex-precandidata-a-gobernadora-de-santiago-karina-oliva\/","title":{"rendered":"Juez rebaja medidas cautelares contra ex precandidata a gobernadora de Santiago, Karina Oliva"},"content":{"rendered":"<p><b>El 7\u00b0 Juzgado de Garant\u00eda de Santiago redujo la medida de arresto nocturno contra Karina Oliva, investigada por presuntas irregularidades en el uso de subvenciones durante su campa\u00f1a para la Gobernaci\u00f3n de Santiago<\/b><!--more-->.<\/p>\n<p>La nueva medida solo requiere que ella cumpla con un arraigo nacional y firma quincenal ante la 1\u00aa Comisar\u00eda de Santiago a partir del 1 de enero de 2025.<\/p>\n<p>Adem\u00e1s, el juez permiti\u00f3 que Oliva salga del pa\u00eds para un viaje de vacaciones a Brasil entre el 27 de diciembre de 2024 y el 7 de enero de 2025, siempre que pague una fianza de $1.500.000.<\/p>\n<p>El coimputado Diego Corval\u00e1n P\u00e9rez tambi\u00e9n accedi\u00f3 a una suspensi\u00f3n condicional del procedimiento tras aceptar las condiciones impuestas.<\/p>\n","protected":false},"excerpt":{"rendered":"<p>El 7\u00b0 Juzgado de Garant\u00eda de Santiago redujo la medida de arresto nocturno contra Karina Oliva, investigada por presuntas irregularidades en el uso de subvenciones durante su campa\u00f1a para la Gobernaci\u00f3n de Santiago<\/p>\n","protected":false},"author":2,"featured_media":9134,"comment_status":"closed","ping_status":"open","sticky":false,"template":"","format":"standard","meta":{"_jetpack_memberships_contains_paid_content":false,"jnews-multi-image_gallery":[],"jnews_single_post":[],"jnews_primary_category":[],"jnews_social_meta":[],"jnews_paywall_metabox":[],"jnews_review":[],"enable_review":"","type":"","name":"","summary":"","brand":"","sku":"","good":[],"bad":[],"score_override":"","override_value":"","rating":[],"price":[],"jnews_override_counter":[],"jnews_post_split":[],"footnotes":""},"categories":[21],"tags":[],"class_list":["post-9135","post","type-post","status-publish","format-standard","has-post-thumbnail","hentry","category-nacional"],"jetpack_featured_media_url":"https:\/\/laserenaradio.cl\/web\/wp-content\/uploads\/2024\/12\/img_webpSantiagoElmedidaOlivaenero2025bJuzgadoGarantiaredujo_0.webp","jetpack_sharing_enabled":true,"_links":{"self":[{"href":"https:\/\/laserenaradio.cl\/web\/wp-json\/wp\/v2\/posts\/9135","targetHints":{"allow":["GET"]}}],"collection":[{"href":"https:\/\/laserenaradio.cl\/web\/wp-json\/wp\/v2\/posts"}],"about":[{"href":"https:\/\/laserenaradio.cl\/web\/wp-json\/wp\/v2\/types\/post"}],"author":[{"embeddable":true,"href":"https:\/\/laserenaradio.cl\/web\/wp-json\/wp\/v2\/users\/2"}],"replies":[{"embeddable":true,"href":"https:\/\/laserenaradio.cl\/web\/wp-json\/wp\/v2\/comments?post=9135"}],"version-history":[{"count":1,"href":"https:\/\/laserenaradio.cl\/web\/wp-json\/wp\/v2\/posts\/9135\/revisions"}],"predecessor-version":[{"id":9136,"href":"https:\/\/laserenaradio.cl\/web\/wp-json\/wp\/v2\/posts\/9135\/revisions\/9136"}],"wp:featuredmedia":[{"embeddable":true,"href":"https:\/\/laserenaradio.cl\/web\/wp-json\/wp\/v2\/media\/9134"}],"wp:attachment":[{"href":"https:\/\/laserenaradio.cl\/web\/wp-json\/wp\/v2\/media?parent=9135"}],"wp:term":[{"taxonomy":"category","embeddable":true,"href":"https:\/\/laserenaradio.cl\/web\/wp-json\/wp\/v2\/categories?post=9135"},{"taxonomy":"post_tag","embeddable":true,"href":"https:\/\/laserenaradio.cl\/web\/wp-json\/wp\/v2\/tags?post=9135"}],"curies":[{"name":"wp","href":"https:\/\/api.w.org\/{rel}","templated":true}]}}