{"id":9126,"date":"2024-12-26T16:59:01","date_gmt":"2024-12-26T19:59:01","guid":{"rendered":"https:\/\/laserenaradio.cl\/web\/?p=9126"},"modified":"2024-12-26T16:59:01","modified_gmt":"2024-12-26T19:59:01","slug":"un-hombre-es-condenado-a-10-anos-por-asesinar-a-otro-con-una-tijera-en-arica","status":"publish","type":"post","link":"https:\/\/laserenaradio.cl\/web\/2024\/12\/26\/un-hombre-es-condenado-a-10-anos-por-asesinar-a-otro-con-una-tijera-en-arica\/","title":{"rendered":"Un hombre es condenado a 10 a\u00f1os por asesinar a otro con una tijera en Arica"},"content":{"rendered":"<p><b>La fiscal\u00eda en Arica ha condenado a un hombre a 10 a\u00f1os y un d\u00eda de prisi\u00f3n efectiva por haber asesinado a un hombre de 49 a\u00f1os con una tijera podadora en enero<\/b><!--more-->.<\/p>\n<p>El sujeto fue juzgado como autor del delito de homicidio simple.<\/p>\n<p>La investigaci\u00f3n fue llevada a cabo conjuntamente con la Oficina de Asistencia T\u00e9cnica y Servicios (OS9) y el Laboratorio Criminal\u00edstico (Labocar) de Arica.<\/p>\n<p>De acuerdo a lo publicado por Radio Bio B\u00edo, el hecho se registr\u00f3 el pasado 28 de enero cerca de las 20 horas, al interior de un hostal, en circunstancias que la v\u00edctima, R.F.C., y el imputado se encontraban al interior del domicilio, inici\u00e1ndose una discusi\u00f3n entre ambos.<\/p>\n","protected":false},"excerpt":{"rendered":"<p>La fiscal\u00eda en Arica ha condenado a un hombre a 10 a\u00f1os y un d\u00eda de prisi\u00f3n efectiva por haber asesinado a un hombre de 49 a\u00f1os con una tijera podadora en enero<\/p>\n","protected":false},"author":2,"featured_media":9125,"comment_status":"closed","ping_status":"open","sticky":false,"template":"","format":"standard","meta":{"_jetpack_memberships_contains_paid_content":false,"jnews-multi-image_gallery":[],"jnews_single_post":[],"jnews_primary_category":[],"jnews_social_meta":[],"jnews_paywall_metabox":[],"jnews_review":[],"enable_review":"","type":"","name":"","summary":"","brand":"","sku":"","good":[],"bad":[],"score_override":"","override_value":"","rating":[],"price":[],"jnews_override_counter":[],"jnews_post_split":[],"footnotes":""},"categories":[21],"tags":[],"class_list":["post-9126","post","type-post","status-publish","format-standard","has-post-thumbnail","hentry","category-nacional"],"jetpack_featured_media_url":"https:\/\/laserenaradio.cl\/web\/wp-content\/uploads\/2024\/12\/img_webpLaAricahombreanosbfiscaliacondenado10diaprision_2.webp","jetpack_sharing_enabled":true,"_links":{"self":[{"href":"https:\/\/laserenaradio.cl\/web\/wp-json\/wp\/v2\/posts\/9126","targetHints":{"allow":["GET"]}}],"collection":[{"href":"https:\/\/laserenaradio.cl\/web\/wp-json\/wp\/v2\/posts"}],"about":[{"href":"https:\/\/laserenaradio.cl\/web\/wp-json\/wp\/v2\/types\/post"}],"author":[{"embeddable":true,"href":"https:\/\/laserenaradio.cl\/web\/wp-json\/wp\/v2\/users\/2"}],"replies":[{"embeddable":true,"href":"https:\/\/laserenaradio.cl\/web\/wp-json\/wp\/v2\/comments?post=9126"}],"version-history":[{"count":1,"href":"https:\/\/laserenaradio.cl\/web\/wp-json\/wp\/v2\/posts\/9126\/revisions"}],"predecessor-version":[{"id":9127,"href":"https:\/\/laserenaradio.cl\/web\/wp-json\/wp\/v2\/posts\/9126\/revisions\/9127"}],"wp:featuredmedia":[{"embeddable":true,"href":"https:\/\/laserenaradio.cl\/web\/wp-json\/wp\/v2\/media\/9125"}],"wp:attachment":[{"href":"https:\/\/laserenaradio.cl\/web\/wp-json\/wp\/v2\/media?parent=9126"}],"wp:term":[{"taxonomy":"category","embeddable":true,"href":"https:\/\/laserenaradio.cl\/web\/wp-json\/wp\/v2\/categories?post=9126"},{"taxonomy":"post_tag","embeddable":true,"href":"https:\/\/laserenaradio.cl\/web\/wp-json\/wp\/v2\/tags?post=9126"}],"curies":[{"name":"wp","href":"https:\/\/api.w.org\/{rel}","templated":true}]}}