{"id":9117,"date":"2024-12-26T16:41:40","date_gmt":"2024-12-26T19:41:40","guid":{"rendered":"https:\/\/laserenaradio.cl\/web\/?p=9117"},"modified":"2024-12-26T16:41:40","modified_gmt":"2024-12-26T19:41:40","slug":"condenan-a-hombre-por-violacion-de-menor-y-mayor-de-14-anos-durante-5-anos","status":"publish","type":"post","link":"https:\/\/laserenaradio.cl\/web\/2024\/12\/26\/condenan-a-hombre-por-violacion-de-menor-y-mayor-de-14-anos-durante-5-anos\/","title":{"rendered":"Condenan a hombre por violaci\u00f3n de menor y mayor de 14 a\u00f1os durante 5 a\u00f1os"},"content":{"rendered":"<p><b>El Tribunal de Juicio Oral en lo Penal de Chill\u00e1n conden\u00f3 a un hombre a prisi\u00f3n perpetua por violar repetidamente a una ni\u00f1a de 14 a\u00f1os entre 2018 y abril de 2023, en la comuna de Quill\u00f3n<\/b><!--more-->.<\/p>\n<p>El tribunal tambi\u00e9n impuso accesorias, incluyendo la inhabilitaci\u00f3n para trabajar con menores y la toma de muestras biol\u00f3gicas del condenado para agregar su huella gen\u00e9tica al registro nacional de ADN de condenados.<\/p>\n","protected":false},"excerpt":{"rendered":"<p>El Tribunal de Juicio Oral en lo Penal de Chill\u00e1n conden\u00f3 a un hombre a prisi\u00f3n perpetua por violar repetidamente a una ni\u00f1a de 14 a\u00f1os entre 2018 y abril de 2023, en la comuna de Quill\u00f3n<\/p>\n","protected":false},"author":2,"featured_media":9116,"comment_status":"closed","ping_status":"open","sticky":false,"template":"","format":"standard","meta":{"_jetpack_memberships_contains_paid_content":false,"jnews-multi-image_gallery":[],"jnews_single_post":[],"jnews_primary_category":[],"jnews_social_meta":[],"jnews_paywall_metabox":[],"jnews_review":[],"enable_review":"","type":"","name":"","summary":"","brand":"","sku":"","good":[],"bad":[],"score_override":"","override_value":"","rating":[],"price":[],"jnews_override_counter":[],"jnews_post_split":[],"footnotes":""},"categories":[21],"tags":[],"class_list":["post-9117","post","type-post","status-publish","format-standard","has-post-thumbnail","hentry","category-nacional"],"jetpack_featured_media_url":"https:\/\/laserenaradio.cl\/web\/wp-content\/uploads\/2024\/12\/img_webpElbTribunalJuicioOralPenalChillancondenohombreprision_3.webp","jetpack_sharing_enabled":true,"_links":{"self":[{"href":"https:\/\/laserenaradio.cl\/web\/wp-json\/wp\/v2\/posts\/9117","targetHints":{"allow":["GET"]}}],"collection":[{"href":"https:\/\/laserenaradio.cl\/web\/wp-json\/wp\/v2\/posts"}],"about":[{"href":"https:\/\/laserenaradio.cl\/web\/wp-json\/wp\/v2\/types\/post"}],"author":[{"embeddable":true,"href":"https:\/\/laserenaradio.cl\/web\/wp-json\/wp\/v2\/users\/2"}],"replies":[{"embeddable":true,"href":"https:\/\/laserenaradio.cl\/web\/wp-json\/wp\/v2\/comments?post=9117"}],"version-history":[{"count":1,"href":"https:\/\/laserenaradio.cl\/web\/wp-json\/wp\/v2\/posts\/9117\/revisions"}],"predecessor-version":[{"id":9118,"href":"https:\/\/laserenaradio.cl\/web\/wp-json\/wp\/v2\/posts\/9117\/revisions\/9118"}],"wp:featuredmedia":[{"embeddable":true,"href":"https:\/\/laserenaradio.cl\/web\/wp-json\/wp\/v2\/media\/9116"}],"wp:attachment":[{"href":"https:\/\/laserenaradio.cl\/web\/wp-json\/wp\/v2\/media?parent=9117"}],"wp:term":[{"taxonomy":"category","embeddable":true,"href":"https:\/\/laserenaradio.cl\/web\/wp-json\/wp\/v2\/categories?post=9117"},{"taxonomy":"post_tag","embeddable":true,"href":"https:\/\/laserenaradio.cl\/web\/wp-json\/wp\/v2\/tags?post=9117"}],"curies":[{"name":"wp","href":"https:\/\/api.w.org\/{rel}","templated":true}]}}