{"id":9109,"date":"2024-12-26T15:34:11","date_gmt":"2024-12-26T18:34:11","guid":{"rendered":"https:\/\/laserenaradio.cl\/web\/?p=9109"},"modified":"2024-12-26T15:34:11","modified_gmt":"2024-12-26T18:34:11","slug":"una-mujer-de-32-anos-fue-acusada-de-provocar-un-incendio-en-valparaiso-con-resultado-de-muerte","status":"publish","type":"post","link":"https:\/\/laserenaradio.cl\/web\/2024\/12\/26\/una-mujer-de-32-anos-fue-acusada-de-provocar-un-incendio-en-valparaiso-con-resultado-de-muerte\/","title":{"rendered":"Una mujer de 32 a\u00f1os fue acusada de provocar un incendio en Valpara\u00edso con resultado de muerte."},"content":{"rendered":"<p><b>Una mujer de 32 a\u00f1os fue detenida por un incendio en Valpara\u00edso que result\u00f3 en la muerte de un hombre de 60 a\u00f1os<\/b><!--more-->.<\/p>\n<p>La mujer, quien lleg\u00f3 ebria al edificio, amenaz\u00f3 a otros residentes con quemar el lugar antes del incendio.<\/p>\n<p>El juez ampli\u00f3 su detenci\u00f3n por 48 horas mientras se investiga.<\/p>\n<p>La fiscal\u00eda inform\u00f3 que la mujer no ten\u00eda antecedentes previos y que la brigada de homicidios confirm\u00f3 su estado al momento del incidente.<\/p>\n<p>La defensa se opuso a la ampliaci\u00f3n, pero se fij\u00f3 una audiencia para este s\u00e1bado 28 de diciembre..<\/p>\n","protected":false},"excerpt":{"rendered":"<p>Una mujer de 32 a\u00f1os fue detenida por un incendio en Valpara\u00edso que result\u00f3 en la muerte de un hombre de 60 a\u00f1os<\/p>\n","protected":false},"author":2,"featured_media":9076,"comment_status":"closed","ping_status":"open","sticky":false,"template":"","format":"standard","meta":{"_jetpack_memberships_contains_paid_content":false,"jnews-multi-image_gallery":[],"jnews_single_post":[],"jnews_primary_category":[],"jnews_social_meta":[],"jnews_paywall_metabox":[],"jnews_review":[],"enable_review":"","type":"","name":"","summary":"","brand":"","sku":"","good":[],"bad":[],"score_override":"","override_value":"","rating":[],"price":[],"jnews_override_counter":[],"jnews_post_split":[],"footnotes":""},"categories":[21],"tags":[],"class_list":["post-9109","post","type-post","status-publish","format-standard","has-post-thumbnail","hentry","category-nacional"],"jetpack_featured_media_url":"https:\/\/laserenaradio.cl\/web\/wp-content\/uploads\/2024\/12\/laserenaradio_nacional.webp","jetpack_sharing_enabled":true,"_links":{"self":[{"href":"https:\/\/laserenaradio.cl\/web\/wp-json\/wp\/v2\/posts\/9109","targetHints":{"allow":["GET"]}}],"collection":[{"href":"https:\/\/laserenaradio.cl\/web\/wp-json\/wp\/v2\/posts"}],"about":[{"href":"https:\/\/laserenaradio.cl\/web\/wp-json\/wp\/v2\/types\/post"}],"author":[{"embeddable":true,"href":"https:\/\/laserenaradio.cl\/web\/wp-json\/wp\/v2\/users\/2"}],"replies":[{"embeddable":true,"href":"https:\/\/laserenaradio.cl\/web\/wp-json\/wp\/v2\/comments?post=9109"}],"version-history":[{"count":1,"href":"https:\/\/laserenaradio.cl\/web\/wp-json\/wp\/v2\/posts\/9109\/revisions"}],"predecessor-version":[{"id":9110,"href":"https:\/\/laserenaradio.cl\/web\/wp-json\/wp\/v2\/posts\/9109\/revisions\/9110"}],"wp:featuredmedia":[{"embeddable":true,"href":"https:\/\/laserenaradio.cl\/web\/wp-json\/wp\/v2\/media\/9076"}],"wp:attachment":[{"href":"https:\/\/laserenaradio.cl\/web\/wp-json\/wp\/v2\/media?parent=9109"}],"wp:term":[{"taxonomy":"category","embeddable":true,"href":"https:\/\/laserenaradio.cl\/web\/wp-json\/wp\/v2\/categories?post=9109"},{"taxonomy":"post_tag","embeddable":true,"href":"https:\/\/laserenaradio.cl\/web\/wp-json\/wp\/v2\/tags?post=9109"}],"curies":[{"name":"wp","href":"https:\/\/api.w.org\/{rel}","templated":true}]}}