{"id":9107,"date":"2024-12-26T15:32:15","date_gmt":"2024-12-26T18:32:15","guid":{"rendered":"https:\/\/laserenaradio.cl\/web\/?p=9107"},"modified":"2024-12-26T15:32:15","modified_gmt":"2024-12-26T18:32:15","slug":"administrador-de-empresas-condenado-a-7-anos-por-violar-a-una-joven-en-un-entrevista-de-trabajo","status":"publish","type":"post","link":"https:\/\/laserenaradio.cl\/web\/2024\/12\/26\/administrador-de-empresas-condenado-a-7-anos-por-violar-a-una-joven-en-un-entrevista-de-trabajo\/","title":{"rendered":"Administrador de empresas condenado a 7 a\u00f1os por violar a una joven en un entrevista de trabajo"},"content":{"rendered":"<p><b>Un administrador de empresas fue condenado a 7 a\u00f1os de prisi\u00f3n por violar a una joven de 18 a\u00f1os durante una entrevista de trabajo en la comuna de Santiago<\/b><!--more-->.<\/p>\n<p>El tribunal dict\u00f3 la sentencia un\u00e1nime y confiri\u00f3 al acusado como autor del delito consumado de violaci\u00f3n a una mayor de 14 a\u00f1os.<\/p>\n<p>La v\u00edctima denunci\u00f3 el incidente despu\u00e9s de que ocurri\u00f3 y se consider\u00f3 su declaraci\u00f3n como prueba directa clave en el caso.<\/p>\n<p>Aunque se reconocieron da\u00f1os emocionales, no hubo pruebas suficientes para determinar la magnitud del da\u00f1o o su impacto futuro.<\/p>\n<p>El tribunal enfatiz\u00f3 la importancia de cumplir la pena con efectividad y abonar\u00e1 el tiempo que ya ha pasado privado del condenado de libertad.<\/p>\n","protected":false},"excerpt":{"rendered":"<p>Un administrador de empresas fue condenado a 7 a\u00f1os de prisi\u00f3n por violar a una joven de 18 a\u00f1os durante una entrevista de trabajo en la comuna de Santiago<\/p>\n","protected":false},"author":2,"featured_media":9106,"comment_status":"closed","ping_status":"open","sticky":false,"template":"","format":"standard","meta":{"_jetpack_memberships_contains_paid_content":false,"jnews-multi-image_gallery":[],"jnews_single_post":[],"jnews_primary_category":[],"jnews_social_meta":[],"jnews_paywall_metabox":[],"jnews_review":[],"enable_review":"","type":"","name":"","summary":"","brand":"","sku":"","good":[],"bad":[],"score_override":"","override_value":"","rating":[],"price":[],"jnews_override_counter":[],"jnews_post_split":[],"footnotes":""},"categories":[21],"tags":[],"class_list":["post-9107","post","type-post","status-publish","format-standard","has-post-thumbnail","hentry","category-nacional"],"jetpack_featured_media_url":"https:\/\/laserenaradio.cl\/web\/wp-content\/uploads\/2024\/12\/img_webpanoscondenadoEltribunalbUnadministradorempresas7prision_2.webp","jetpack_sharing_enabled":true,"_links":{"self":[{"href":"https:\/\/laserenaradio.cl\/web\/wp-json\/wp\/v2\/posts\/9107","targetHints":{"allow":["GET"]}}],"collection":[{"href":"https:\/\/laserenaradio.cl\/web\/wp-json\/wp\/v2\/posts"}],"about":[{"href":"https:\/\/laserenaradio.cl\/web\/wp-json\/wp\/v2\/types\/post"}],"author":[{"embeddable":true,"href":"https:\/\/laserenaradio.cl\/web\/wp-json\/wp\/v2\/users\/2"}],"replies":[{"embeddable":true,"href":"https:\/\/laserenaradio.cl\/web\/wp-json\/wp\/v2\/comments?post=9107"}],"version-history":[{"count":1,"href":"https:\/\/laserenaradio.cl\/web\/wp-json\/wp\/v2\/posts\/9107\/revisions"}],"predecessor-version":[{"id":9108,"href":"https:\/\/laserenaradio.cl\/web\/wp-json\/wp\/v2\/posts\/9107\/revisions\/9108"}],"wp:featuredmedia":[{"embeddable":true,"href":"https:\/\/laserenaradio.cl\/web\/wp-json\/wp\/v2\/media\/9106"}],"wp:attachment":[{"href":"https:\/\/laserenaradio.cl\/web\/wp-json\/wp\/v2\/media?parent=9107"}],"wp:term":[{"taxonomy":"category","embeddable":true,"href":"https:\/\/laserenaradio.cl\/web\/wp-json\/wp\/v2\/categories?post=9107"},{"taxonomy":"post_tag","embeddable":true,"href":"https:\/\/laserenaradio.cl\/web\/wp-json\/wp\/v2\/tags?post=9107"}],"curies":[{"name":"wp","href":"https:\/\/api.w.org\/{rel}","templated":true}]}}