{"id":9101,"date":"2024-12-26T12:17:36","date_gmt":"2024-12-26T15:17:36","guid":{"rendered":"https:\/\/laserenaradio.cl\/web\/?p=9101"},"modified":"2024-12-26T12:17:36","modified_gmt":"2024-12-26T15:17:36","slug":"investigacion-contra-manuel-monsalve-revela-detalles-sobre-gastos-reservados-y-pagos-en-efectivo","status":"publish","type":"post","link":"https:\/\/laserenaradio.cl\/web\/2024\/12\/26\/investigacion-contra-manuel-monsalve-revela-detalles-sobre-gastos-reservados-y-pagos-en-efectivo\/","title":{"rendered":"Investigaci\u00f3n contra Manuel Monsalve revela detalles sobre gastos reservados y pagos en efectivo"},"content":{"rendered":"<p><b>La investigaci\u00f3n contra Manuel Monsalve, exsubsecretario del Interior, ha tomado un nuevo giro despu\u00e9s de revelarse detalles sobre el uso de gastos reservados y pagos en efectivo asociados a varias compras realizadas en las fechas en que se habr\u00edan producido los hechos de abuso sexual.<\/b><!--more-->.<\/p>\n<p>Se confirm\u00f3 que Monsalve realiz\u00f3 cuantiosos pagos en efectivo, lo que ha generado sospechas sobre el manejo de recursos p\u00fablicos durante los eventos denunciados.<\/p>\n<p>El ahora exjefe de gabinete y asesor parlamentario de Monsalve, Gustavo Herrera, declar\u00f3 ante el Ministerio P\u00fablico que era habitual que Monsalve manejara dinero en efectivo y utilizaba billeteras grandes para guardar el dinero.<\/p>\n<p>Adem\u00e1s, testigos del Hotel Panamericano confirmaron que Monsalve pagaba sus estad\u00edas con efectivo y ped\u00eda la boleta correspondiente.<\/p>\n<p>Estos hechos han generado m\u00e1s sospechas sobre el manejo de recursos p\u00fablicos durante los eventos denunciados contra Monsalve, quien est\u00e1 en prisi\u00f3n preventiva por violaci\u00f3n y abuso en contra de una funcionaria gubernamental.<\/p>\n","protected":false},"excerpt":{"rendered":"<p>La investigaci\u00f3n contra Manuel Monsalve, exsubsecretario del Interior, ha tomado un nuevo giro despu\u00e9s de revelarse detalles sobre el uso de gastos reservados y pagos en efectivo asociados a varias compras realizadas en las fechas en que se habr\u00edan producido los hechos de abuso sexual.<\/p>\n","protected":false},"author":2,"featured_media":9100,"comment_status":"closed","ping_status":"open","sticky":false,"template":"","format":"standard","meta":{"_jetpack_memberships_contains_paid_content":false,"jnews-multi-image_gallery":[],"jnews_single_post":[],"jnews_primary_category":[],"jnews_social_meta":[],"jnews_paywall_metabox":[],"jnews_review":[],"enable_review":"","type":"","name":"","summary":"","brand":"","sku":"","good":[],"bad":[],"score_override":"","override_value":"","rating":[],"price":[],"jnews_override_counter":[],"jnews_post_split":[],"footnotes":""},"categories":[21],"tags":[],"class_list":["post-9101","post","type-post","status-publish","format-standard","has-post-thumbnail","hentry","category-nacional"],"jetpack_featured_media_url":"https:\/\/laserenaradio.cl\/web\/wp-content\/uploads\/2024\/12\/img_webpMonsalveefectivopagoshechosabusogeneradosospechasmanejorecursospublicos_2.webp","jetpack_sharing_enabled":true,"_links":{"self":[{"href":"https:\/\/laserenaradio.cl\/web\/wp-json\/wp\/v2\/posts\/9101","targetHints":{"allow":["GET"]}}],"collection":[{"href":"https:\/\/laserenaradio.cl\/web\/wp-json\/wp\/v2\/posts"}],"about":[{"href":"https:\/\/laserenaradio.cl\/web\/wp-json\/wp\/v2\/types\/post"}],"author":[{"embeddable":true,"href":"https:\/\/laserenaradio.cl\/web\/wp-json\/wp\/v2\/users\/2"}],"replies":[{"embeddable":true,"href":"https:\/\/laserenaradio.cl\/web\/wp-json\/wp\/v2\/comments?post=9101"}],"version-history":[{"count":1,"href":"https:\/\/laserenaradio.cl\/web\/wp-json\/wp\/v2\/posts\/9101\/revisions"}],"predecessor-version":[{"id":9102,"href":"https:\/\/laserenaradio.cl\/web\/wp-json\/wp\/v2\/posts\/9101\/revisions\/9102"}],"wp:featuredmedia":[{"embeddable":true,"href":"https:\/\/laserenaradio.cl\/web\/wp-json\/wp\/v2\/media\/9100"}],"wp:attachment":[{"href":"https:\/\/laserenaradio.cl\/web\/wp-json\/wp\/v2\/media?parent=9101"}],"wp:term":[{"taxonomy":"category","embeddable":true,"href":"https:\/\/laserenaradio.cl\/web\/wp-json\/wp\/v2\/categories?post=9101"},{"taxonomy":"post_tag","embeddable":true,"href":"https:\/\/laserenaradio.cl\/web\/wp-json\/wp\/v2\/tags?post=9101"}],"curies":[{"name":"wp","href":"https:\/\/api.w.org\/{rel}","templated":true}]}}