{"id":9098,"date":"2024-12-26T12:11:44","date_gmt":"2024-12-26T15:11:44","guid":{"rendered":"https:\/\/laserenaradio.cl\/web\/?p=9098"},"modified":"2024-12-26T12:11:44","modified_gmt":"2024-12-26T15:11:44","slug":"el-gobierno-anuncia-una-tercera-actualizacion-del-plan-calles-sin-violencia-para-combatir-la-violencia-al-alza","status":"publish","type":"post","link":"https:\/\/laserenaradio.cl\/web\/2024\/12\/26\/el-gobierno-anuncia-una-tercera-actualizacion-del-plan-calles-sin-violencia-para-combatir-la-violencia-al-alza\/","title":{"rendered":"El gobierno anuncia una tercera actualizaci\u00f3n del Plan Calles Sin Violencia para combatir la violencia al alza."},"content":{"rendered":"<p><b>El gobierno anunci\u00f3 una tercera actualizaci\u00f3n del Plan Calles Sin Violencia para combatir el aumento de homicidios en el pa\u00eds<\/b><!--more-->.<\/p>\n<p>El plan, iniciado en abril de 2023, busca un trabajo coordinado con <a href=\"https:\/\/www.carabineros.cl\/\" rel=\"nofollow\">Carabineros<\/a>, la Polic\u00eda de Investigaciones y el Ministerio P\u00fablico.<\/p>\n<p>Algunos alcaldes, como Gustavo Toro de San Ram\u00f3n y Felipe Mu\u00f1oz de Estaci\u00f3n Central, han expresado su apoyo al plan y han visto una disminuci\u00f3n en los \u00edndices de violencia y homicidios en sus comunas.<\/p>\n<p>Sin embargo, la diputada Gloria Naveillan ha criticado el plan como &#8220;mal planificado&#8221; y &#8220;un rotundo fracaso&#8221;.<\/p>\n<p>Las autoridades municipales coinciden en que el plan ha sido \u00fatil, pero requiere mejorar y contar con m\u00e1s recursos y apoyo legal para tener un impacto mayor.<\/p>\n","protected":false},"excerpt":{"rendered":"<p>El gobierno anunci\u00f3 una tercera actualizaci\u00f3n del Plan Calles Sin Violencia para combatir el aumento de homicidios en el pa\u00eds<\/p>\n","protected":false},"author":2,"featured_media":9097,"comment_status":"closed","ping_status":"open","sticky":false,"template":"","format":"standard","meta":{"_jetpack_memberships_contains_paid_content":false,"jnews-multi-image_gallery":[],"jnews_single_post":[],"jnews_primary_category":[],"jnews_social_meta":[],"jnews_paywall_metabox":[],"jnews_review":[],"enable_review":"","type":"","name":"","summary":"","brand":"","sku":"","good":[],"bad":[],"score_override":"","override_value":"","rating":[],"price":[],"jnews_override_counter":[],"jnews_post_split":[],"footnotes":""},"categories":[21],"tags":[],"class_list":["post-9098","post","type-post","status-publish","format-standard","has-post-thumbnail","hentry","category-nacional"],"jetpack_featured_media_url":"https:\/\/laserenaradio.cl\/web\/wp-content\/uploads\/2024\/12\/img_webpplanElSinhomicidiosapoyobgobiernoanuncioterceraactualizacion_0.webp","jetpack_sharing_enabled":true,"_links":{"self":[{"href":"https:\/\/laserenaradio.cl\/web\/wp-json\/wp\/v2\/posts\/9098","targetHints":{"allow":["GET"]}}],"collection":[{"href":"https:\/\/laserenaradio.cl\/web\/wp-json\/wp\/v2\/posts"}],"about":[{"href":"https:\/\/laserenaradio.cl\/web\/wp-json\/wp\/v2\/types\/post"}],"author":[{"embeddable":true,"href":"https:\/\/laserenaradio.cl\/web\/wp-json\/wp\/v2\/users\/2"}],"replies":[{"embeddable":true,"href":"https:\/\/laserenaradio.cl\/web\/wp-json\/wp\/v2\/comments?post=9098"}],"version-history":[{"count":1,"href":"https:\/\/laserenaradio.cl\/web\/wp-json\/wp\/v2\/posts\/9098\/revisions"}],"predecessor-version":[{"id":9099,"href":"https:\/\/laserenaradio.cl\/web\/wp-json\/wp\/v2\/posts\/9098\/revisions\/9099"}],"wp:featuredmedia":[{"embeddable":true,"href":"https:\/\/laserenaradio.cl\/web\/wp-json\/wp\/v2\/media\/9097"}],"wp:attachment":[{"href":"https:\/\/laserenaradio.cl\/web\/wp-json\/wp\/v2\/media?parent=9098"}],"wp:term":[{"taxonomy":"category","embeddable":true,"href":"https:\/\/laserenaradio.cl\/web\/wp-json\/wp\/v2\/categories?post=9098"},{"taxonomy":"post_tag","embeddable":true,"href":"https:\/\/laserenaradio.cl\/web\/wp-json\/wp\/v2\/tags?post=9098"}],"curies":[{"name":"wp","href":"https:\/\/api.w.org\/{rel}","templated":true}]}}