{"id":9095,"date":"2024-12-26T00:02:27","date_gmt":"2024-12-26T03:02:27","guid":{"rendered":"https:\/\/laserenaradio.cl\/web\/?p=9095"},"modified":"2024-12-26T00:02:27","modified_gmt":"2024-12-26T03:02:27","slug":"un-reo-fallecio-apunalado-en-una-carcel-en-nuble-despues-de-una-discusion-interna","status":"publish","type":"post","link":"https:\/\/laserenaradio.cl\/web\/2024\/12\/26\/un-reo-fallecio-apunalado-en-una-carcel-en-nuble-despues-de-una-discusion-interna\/","title":{"rendered":"Un reo falleci\u00f3 apu\u00f1alado en una c\u00e1rcel en \u00d1uble despu\u00e9s de una discusi\u00f3n interna"},"content":{"rendered":"<p><b>Un reo muri\u00f3 tras ser apu\u00f1alado en una discusi\u00f3n dentro de la c\u00e1rcel de Chill\u00e1n, en la regi\u00f3n de \u00d1uble.<\/b><!--more-->.<\/p>\n<p>La v\u00edctima fue llevada al hospital pero falleci\u00f3 debido a sus lesiones.<\/p>\n<p>Las autoridades intervienen inmediatamente y realizan un allanamiento para esclarecer los hechos y reforzar la seguridad.<\/p>\n<p>Se descarta el mot\u00edn y se afirma que la situaci\u00f3n est\u00e1 controlada.<\/p>\n<p>La fiscal Valentina Hormaz\u00e1bal inform\u00f3 que la Brigada de Homicidios investiga el caso, y el cuerpo del fallecido fue retirado para realizar una autopsia.<\/p>\n","protected":false},"excerpt":{"rendered":"<p>Un reo muri\u00f3 tras ser apu\u00f1alado en una discusi\u00f3n dentro de la c\u00e1rcel de Chill\u00e1n, en la regi\u00f3n de \u00d1uble.<\/p>\n","protected":false},"author":2,"featured_media":9094,"comment_status":"closed","ping_status":"open","sticky":false,"template":"","format":"standard","meta":{"_jetpack_memberships_contains_paid_content":false,"jnews-multi-image_gallery":[],"jnews_single_post":[],"jnews_primary_category":[],"jnews_social_meta":[],"jnews_paywall_metabox":[],"jnews_review":[],"enable_review":"","type":"","name":"","summary":"","brand":"","sku":"","good":[],"bad":[],"score_override":"","override_value":"","rating":[],"price":[],"jnews_override_counter":[],"jnews_post_split":[],"footnotes":""},"categories":[21],"tags":[],"class_list":["post-9095","post","type-post","status-publish","format-standard","has-post-thumbnail","hentry","category-nacional"],"jetpack_featured_media_url":"https:\/\/laserenaradio.cl\/web\/wp-content\/uploads\/2024\/12\/img_webplaserenaradio_nacional.webp","jetpack_sharing_enabled":true,"_links":{"self":[{"href":"https:\/\/laserenaradio.cl\/web\/wp-json\/wp\/v2\/posts\/9095","targetHints":{"allow":["GET"]}}],"collection":[{"href":"https:\/\/laserenaradio.cl\/web\/wp-json\/wp\/v2\/posts"}],"about":[{"href":"https:\/\/laserenaradio.cl\/web\/wp-json\/wp\/v2\/types\/post"}],"author":[{"embeddable":true,"href":"https:\/\/laserenaradio.cl\/web\/wp-json\/wp\/v2\/users\/2"}],"replies":[{"embeddable":true,"href":"https:\/\/laserenaradio.cl\/web\/wp-json\/wp\/v2\/comments?post=9095"}],"version-history":[{"count":1,"href":"https:\/\/laserenaradio.cl\/web\/wp-json\/wp\/v2\/posts\/9095\/revisions"}],"predecessor-version":[{"id":9096,"href":"https:\/\/laserenaradio.cl\/web\/wp-json\/wp\/v2\/posts\/9095\/revisions\/9096"}],"wp:featuredmedia":[{"embeddable":true,"href":"https:\/\/laserenaradio.cl\/web\/wp-json\/wp\/v2\/media\/9094"}],"wp:attachment":[{"href":"https:\/\/laserenaradio.cl\/web\/wp-json\/wp\/v2\/media?parent=9095"}],"wp:term":[{"taxonomy":"category","embeddable":true,"href":"https:\/\/laserenaradio.cl\/web\/wp-json\/wp\/v2\/categories?post=9095"},{"taxonomy":"post_tag","embeddable":true,"href":"https:\/\/laserenaradio.cl\/web\/wp-json\/wp\/v2\/tags?post=9095"}],"curies":[{"name":"wp","href":"https:\/\/api.w.org\/{rel}","templated":true}]}}