{"id":9089,"date":"2024-12-25T20:49:46","date_gmt":"2024-12-25T23:49:46","guid":{"rendered":"https:\/\/laserenaradio.cl\/web\/?p=9089"},"modified":"2024-12-25T20:49:46","modified_gmt":"2024-12-25T23:49:46","slug":"gerente-de-operaciones-de-la-cmpc-muere-en-accidente-de-transito-al-ser-atropellado-por-conductor-ebrio","status":"publish","type":"post","link":"https:\/\/laserenaradio.cl\/web\/2024\/12\/25\/gerente-de-operaciones-de-la-cmpc-muere-en-accidente-de-transito-al-ser-atropellado-por-conductor-ebrio\/","title":{"rendered":"Gerente de operaciones de la CMPC muere en accidente de tr\u00e1nsito al ser atropellado por conductor ebrio."},"content":{"rendered":"<p><b>El gerente de operaciones maderas de la CMPC, Alejandro Nova Camorena, falleci\u00f3 en un accidente de tr\u00e1nsito en Los \u00c1ngeles, B\u00edo B\u00edo.<\/b><!--more--><\/p>\n<p>El conductor del veh\u00edculo involucrado se fug\u00f3 despu\u00e9s del impacto y dej\u00f3 a la v\u00edctima tendida en la v\u00eda p\u00fablica.<\/p>\n<p>La polic\u00eda detuvo al conductor, quien result\u00f3 ser un extranjero con presencia irregular en el pa\u00eds.<\/p>\n<p>Las autoridades pidieron prudencia a los usuarios de la v\u00eda para evitar accidentes similares.<\/p>\n<p>La comunidad ciclista y otros l\u00edderes locales expresaron su pesar por el tr\u00e1gico evento.<\/p>\n","protected":false},"excerpt":{"rendered":"<p>El gerente de operaciones maderas de la CMPC, Alejandro Nova Camorena, falleci\u00f3 en un accidente de tr\u00e1nsito en Los \u00c1ngeles, B\u00edo B\u00edo.<\/p>\n","protected":false},"author":2,"featured_media":9088,"comment_status":"closed","ping_status":"open","sticky":false,"template":"","format":"standard","meta":{"_jetpack_memberships_contains_paid_content":false,"jnews-multi-image_gallery":[],"jnews_single_post":[],"jnews_primary_category":[],"jnews_social_meta":[],"jnews_paywall_metabox":[],"jnews_review":[],"enable_review":"","type":"","name":"","summary":"","brand":"","sku":"","good":[],"bad":[],"score_override":"","override_value":"","rating":[],"price":[],"jnews_override_counter":[],"jnews_post_split":[],"footnotes":""},"categories":[21],"tags":[],"class_list":["post-9089","post","type-post","status-publish","format-standard","has-post-thumbnail","hentry","category-nacional"],"jetpack_featured_media_url":"https:\/\/laserenaradio.cl\/web\/wp-content\/uploads\/2024\/12\/img_webpElconductorviaLabgerenteoperacionesmaderasCMPCAlejandro_3.webp","jetpack_sharing_enabled":true,"_links":{"self":[{"href":"https:\/\/laserenaradio.cl\/web\/wp-json\/wp\/v2\/posts\/9089","targetHints":{"allow":["GET"]}}],"collection":[{"href":"https:\/\/laserenaradio.cl\/web\/wp-json\/wp\/v2\/posts"}],"about":[{"href":"https:\/\/laserenaradio.cl\/web\/wp-json\/wp\/v2\/types\/post"}],"author":[{"embeddable":true,"href":"https:\/\/laserenaradio.cl\/web\/wp-json\/wp\/v2\/users\/2"}],"replies":[{"embeddable":true,"href":"https:\/\/laserenaradio.cl\/web\/wp-json\/wp\/v2\/comments?post=9089"}],"version-history":[{"count":1,"href":"https:\/\/laserenaradio.cl\/web\/wp-json\/wp\/v2\/posts\/9089\/revisions"}],"predecessor-version":[{"id":9090,"href":"https:\/\/laserenaradio.cl\/web\/wp-json\/wp\/v2\/posts\/9089\/revisions\/9090"}],"wp:featuredmedia":[{"embeddable":true,"href":"https:\/\/laserenaradio.cl\/web\/wp-json\/wp\/v2\/media\/9088"}],"wp:attachment":[{"href":"https:\/\/laserenaradio.cl\/web\/wp-json\/wp\/v2\/media?parent=9089"}],"wp:term":[{"taxonomy":"category","embeddable":true,"href":"https:\/\/laserenaradio.cl\/web\/wp-json\/wp\/v2\/categories?post=9089"},{"taxonomy":"post_tag","embeddable":true,"href":"https:\/\/laserenaradio.cl\/web\/wp-json\/wp\/v2\/tags?post=9089"}],"curies":[{"name":"wp","href":"https:\/\/api.w.org\/{rel}","templated":true}]}}