{"id":9083,"date":"2024-12-25T17:17:41","date_gmt":"2024-12-25T20:17:41","guid":{"rendered":"https:\/\/laserenaradio.cl\/web\/?p=9083"},"modified":"2024-12-25T17:17:41","modified_gmt":"2024-12-25T20:17:41","slug":"cuerpo-de-hombre-mayor-hallado-muerto-en-la-calle-en-san-bernardo-region-metropolitana","status":"publish","type":"post","link":"https:\/\/laserenaradio.cl\/web\/2024\/12\/25\/cuerpo-de-hombre-mayor-hallado-muerto-en-la-calle-en-san-bernardo-region-metropolitana\/","title":{"rendered":"Cuerpo de hombre mayor hallado muerto en la calle en San Bernardo, Regi\u00f3n Metropolitana"},"content":{"rendered":"<p><b>En la comuna de San Bernardo (zona sur de Santiago), un cad\u00e1ver fue hallado en una calle p\u00fablica a las 16:00 horas.<\/b><!--more--><\/p>\n<p>El cuerpo, identificado como perteneciente a un hombre adulto mayor que viv\u00eda en situaci\u00f3n de calle, fue encontrado por vecinos y luego alert\u00f3 a la polic\u00eda local y <a href=\"https:\/\/www.carabineros.cl\/\" rel=\"nofollow\">Carabineros<\/a>.<\/p>\n<p>Los uniformados investigan el caso y no han descartado ni confirmado causas externas para la muerte del hombre, aunque remitieron los antecedentes al Ministerio P\u00fablico.<\/p>\n","protected":false},"excerpt":{"rendered":"<p>En la comuna de San Bernardo (zona sur de Santiago), un cad\u00e1ver fue hallado en una calle p\u00fablica a las 16:00 horas.<\/p>\n","protected":false},"author":2,"featured_media":9082,"comment_status":"closed","ping_status":"open","sticky":false,"template":"","format":"standard","meta":{"_jetpack_memberships_contains_paid_content":false,"jnews-multi-image_gallery":[],"jnews_single_post":[],"jnews_primary_category":[],"jnews_social_meta":[],"jnews_paywall_metabox":[],"jnews_review":[],"enable_review":"","type":"","name":"","summary":"","brand":"","sku":"","good":[],"bad":[],"score_override":"","override_value":"","rating":[],"price":[],"jnews_override_counter":[],"jnews_post_split":[],"footnotes":""},"categories":[21],"tags":[],"class_list":["post-9083","post","type-post","status-publish","format-standard","has-post-thumbnail","hentry","category-nacional"],"jetpack_featured_media_url":"https:\/\/laserenaradio.cl\/web\/wp-content\/uploads\/2024\/12\/img_webpcallehombrebEncomunaSanBernardozonasurSantiago_1.webp","jetpack_sharing_enabled":true,"_links":{"self":[{"href":"https:\/\/laserenaradio.cl\/web\/wp-json\/wp\/v2\/posts\/9083","targetHints":{"allow":["GET"]}}],"collection":[{"href":"https:\/\/laserenaradio.cl\/web\/wp-json\/wp\/v2\/posts"}],"about":[{"href":"https:\/\/laserenaradio.cl\/web\/wp-json\/wp\/v2\/types\/post"}],"author":[{"embeddable":true,"href":"https:\/\/laserenaradio.cl\/web\/wp-json\/wp\/v2\/users\/2"}],"replies":[{"embeddable":true,"href":"https:\/\/laserenaradio.cl\/web\/wp-json\/wp\/v2\/comments?post=9083"}],"version-history":[{"count":1,"href":"https:\/\/laserenaradio.cl\/web\/wp-json\/wp\/v2\/posts\/9083\/revisions"}],"predecessor-version":[{"id":9084,"href":"https:\/\/laserenaradio.cl\/web\/wp-json\/wp\/v2\/posts\/9083\/revisions\/9084"}],"wp:featuredmedia":[{"embeddable":true,"href":"https:\/\/laserenaradio.cl\/web\/wp-json\/wp\/v2\/media\/9082"}],"wp:attachment":[{"href":"https:\/\/laserenaradio.cl\/web\/wp-json\/wp\/v2\/media?parent=9083"}],"wp:term":[{"taxonomy":"category","embeddable":true,"href":"https:\/\/laserenaradio.cl\/web\/wp-json\/wp\/v2\/categories?post=9083"},{"taxonomy":"post_tag","embeddable":true,"href":"https:\/\/laserenaradio.cl\/web\/wp-json\/wp\/v2\/tags?post=9083"}],"curies":[{"name":"wp","href":"https:\/\/api.w.org\/{rel}","templated":true}]}}