{"id":9080,"date":"2024-12-25T17:12:27","date_gmt":"2024-12-25T20:12:27","guid":{"rendered":"https:\/\/laserenaradio.cl\/web\/?p=9080"},"modified":"2024-12-25T17:12:27","modified_gmt":"2024-12-25T20:12:27","slug":"investigacion-sobre-la-desaparicion-de-patricio-munoz-maraboli-concluira-en-enero-del-2025","status":"publish","type":"post","link":"https:\/\/laserenaradio.cl\/web\/2024\/12\/25\/investigacion-sobre-la-desaparicion-de-patricio-munoz-maraboli-concluira-en-enero-del-2025\/","title":{"rendered":"Investigaci\u00f3n sobre la desaparici\u00f3n de Patricio Mu\u00f1oz Marabol\u00ed concluir\u00e1 en enero del 2025"},"content":{"rendered":"<p><b>En el caso de la desaparici\u00f3n de Patricio Mu\u00f1oz Marabol\u00ed, un joven de 31 a\u00f1os que desapareci\u00f3 hace casi dos a\u00f1os en la comuna de Paillaco, se acerca a su concluirse la investigaci\u00f3n.<\/b><!--more-->.<\/p>\n<p>Aunque hubo operativos de rastreo y se detuvo a un hombre de 29 a\u00f1os sospechoso, este fue liberado por el Juzgado de Garant\u00eda despu\u00e9s de que se rechazara la prisi\u00f3n preventiva solicitada por la familia y la Fiscal\u00eda.<\/p>\n<p>La investigaci\u00f3n original ten\u00eda un plazo de 150 d\u00edas, lo que concluir\u00e1 en enero.<\/p>\n<p>Sin embargo, la abogada de la Corporaci\u00f3n de Asistencia Judicial est\u00e1 evaluando solicitar una ampliaci\u00f3n del per\u00edodo para continuar con las indagatorias y establecer la responsabilidad del \u00fanico detenido.<\/p>\n<p>La madre de Patricio Mu\u00f1oz, Elo\u00edna Marabol\u00ed, ha expresado su frustraci\u00f3n e impaciencia por el ritmo de la investigaci\u00f3n.<\/p>\n<p>El Ministerio P\u00fablico no se pronunci\u00f3 sobre el cierre de la investigaci\u00f3n, pero indic\u00f3 que se manifestar\u00edan en la audiencia donde se solicitar\u00e1 ampliar el per\u00edodo para llevar a cabo las indagatorias del caso.<\/p>\n<p>La familia contin\u00faa buscando respuestas y justicia para su hijo desaparecido..<\/p>\n","protected":false},"excerpt":{"rendered":"<p>En el caso de la desaparici\u00f3n de Patricio Mu\u00f1oz Marabol\u00ed, un joven de 31 a\u00f1os que desapareci\u00f3 hace casi dos a\u00f1os en la comuna de Paillaco, se acerca a su concluirse la investigaci\u00f3n.<\/p>\n","protected":false},"author":2,"featured_media":9079,"comment_status":"closed","ping_status":"open","sticky":false,"template":"","format":"standard","meta":{"_jetpack_memberships_contains_paid_content":false,"jnews-multi-image_gallery":[],"jnews_single_post":[],"jnews_primary_category":[],"jnews_social_meta":[],"jnews_paywall_metabox":[],"jnews_review":[],"enable_review":"","type":"","name":"","summary":"","brand":"","sku":"","good":[],"bad":[],"score_override":"","override_value":"","rating":[],"price":[],"jnews_override_counter":[],"jnews_post_split":[],"footnotes":""},"categories":[21],"tags":[],"class_list":["post-9080","post","type-post","status-publish","format-standard","has-post-thumbnail","hentry","category-nacional"],"jetpack_featured_media_url":"https:\/\/laserenaradio.cl\/web\/wp-content\/uploads\/2024\/12\/img_webpanosLainvestigacioncasoPatricioMunozMarabolifamiliaperiodoindagatorias_0.webp","jetpack_sharing_enabled":true,"_links":{"self":[{"href":"https:\/\/laserenaradio.cl\/web\/wp-json\/wp\/v2\/posts\/9080","targetHints":{"allow":["GET"]}}],"collection":[{"href":"https:\/\/laserenaradio.cl\/web\/wp-json\/wp\/v2\/posts"}],"about":[{"href":"https:\/\/laserenaradio.cl\/web\/wp-json\/wp\/v2\/types\/post"}],"author":[{"embeddable":true,"href":"https:\/\/laserenaradio.cl\/web\/wp-json\/wp\/v2\/users\/2"}],"replies":[{"embeddable":true,"href":"https:\/\/laserenaradio.cl\/web\/wp-json\/wp\/v2\/comments?post=9080"}],"version-history":[{"count":1,"href":"https:\/\/laserenaradio.cl\/web\/wp-json\/wp\/v2\/posts\/9080\/revisions"}],"predecessor-version":[{"id":9081,"href":"https:\/\/laserenaradio.cl\/web\/wp-json\/wp\/v2\/posts\/9080\/revisions\/9081"}],"wp:featuredmedia":[{"embeddable":true,"href":"https:\/\/laserenaradio.cl\/web\/wp-json\/wp\/v2\/media\/9079"}],"wp:attachment":[{"href":"https:\/\/laserenaradio.cl\/web\/wp-json\/wp\/v2\/media?parent=9080"}],"wp:term":[{"taxonomy":"category","embeddable":true,"href":"https:\/\/laserenaradio.cl\/web\/wp-json\/wp\/v2\/categories?post=9080"},{"taxonomy":"post_tag","embeddable":true,"href":"https:\/\/laserenaradio.cl\/web\/wp-json\/wp\/v2\/tags?post=9080"}],"curies":[{"name":"wp","href":"https:\/\/api.w.org\/{rel}","templated":true}]}}