{"id":9067,"date":"2024-12-25T15:36:15","date_gmt":"2024-12-25T18:36:15","guid":{"rendered":"https:\/\/laserenaradio.cl\/web\/?p=9067"},"modified":"2024-12-25T15:36:15","modified_gmt":"2024-12-25T18:36:15","slug":"un-hombre-venezolano-murio-apunalado-en-un-altercado-por-ruidos-molestos-en-recoleta","status":"publish","type":"post","link":"https:\/\/laserenaradio.cl\/web\/2024\/12\/25\/un-hombre-venezolano-murio-apunalado-en-un-altercado-por-ruidos-molestos-en-recoleta\/","title":{"rendered":"Un hombre venezolano muri\u00f3 apu\u00f1alado en un altercado por ruidos molestos en Recoleta"},"content":{"rendered":"<p><b>Un hombre venezolano de 36 a\u00f1os muri\u00f3 despu\u00e9s de ser apu\u00f1alado en un altercado con un vecino por ruidos molestos en Recoleta, Santiago.<\/b><!--more-->.<\/p>\n<p>El incidente ocurri\u00f3 el 25 de diciembre alrededor de las 2:00 horas.<\/p>\n<p>La v\u00edctima hab\u00eda ido a defender a su cu\u00f1ado peruano de 35 a\u00f1os, quien hab\u00eda tenido una discusi\u00f3n con el vecino sobre la m\u00fasica.<\/p>\n<p>Tras un forcejeo, el venezolano fue apu\u00f1alado en la espalda y falleci\u00f3 horas despu\u00e9s en el Hospital San Jos\u00e9.<\/p>\n<p><a href=\"https:\/\/www.carabineros.cl\/\" rel=\"nofollow\">Carabineros<\/a> detuvo al atacante y confisc\u00f3 el cuchillo utilizado.<\/p>\n<p>Este incidente suma a 17 homicidios registrados durante la temporada navide\u00f1a en la regi\u00f3n Metropolitana, incluyendo otro asesinato que ocurri\u00f3 la misma noche en Recoleta.<\/p>\n","protected":false},"excerpt":{"rendered":"<p>Un hombre venezolano de 36 a\u00f1os muri\u00f3 despu\u00e9s de ser apu\u00f1alado en un altercado con un vecino por ruidos molestos en Recoleta, Santiago.<\/p>\n","protected":false},"author":2,"featured_media":9066,"comment_status":"closed","ping_status":"open","sticky":false,"template":"","format":"standard","meta":{"_jetpack_memberships_contains_paid_content":false,"jnews-multi-image_gallery":[],"jnews_single_post":[],"jnews_primary_category":[],"jnews_social_meta":[],"jnews_paywall_metabox":[],"jnews_review":[],"enable_review":"","type":"","name":"","summary":"","brand":"","sku":"","good":[],"bad":[],"score_override":"","override_value":"","rating":[],"price":[],"jnews_override_counter":[],"jnews_post_split":[],"footnotes":""},"categories":[21],"tags":[],"class_list":["post-9067","post","type-post","status-publish","format-standard","has-post-thumbnail","hentry","category-nacional"],"jetpack_featured_media_url":"https:\/\/laserenaradio.cl\/web\/wp-content\/uploads\/2024\/12\/img_webpvenezolanoanosdespuesapunaladovecinoRecoletaincidenteocurriohorasb_1.webp","jetpack_sharing_enabled":true,"_links":{"self":[{"href":"https:\/\/laserenaradio.cl\/web\/wp-json\/wp\/v2\/posts\/9067","targetHints":{"allow":["GET"]}}],"collection":[{"href":"https:\/\/laserenaradio.cl\/web\/wp-json\/wp\/v2\/posts"}],"about":[{"href":"https:\/\/laserenaradio.cl\/web\/wp-json\/wp\/v2\/types\/post"}],"author":[{"embeddable":true,"href":"https:\/\/laserenaradio.cl\/web\/wp-json\/wp\/v2\/users\/2"}],"replies":[{"embeddable":true,"href":"https:\/\/laserenaradio.cl\/web\/wp-json\/wp\/v2\/comments?post=9067"}],"version-history":[{"count":1,"href":"https:\/\/laserenaradio.cl\/web\/wp-json\/wp\/v2\/posts\/9067\/revisions"}],"predecessor-version":[{"id":9068,"href":"https:\/\/laserenaradio.cl\/web\/wp-json\/wp\/v2\/posts\/9067\/revisions\/9068"}],"wp:featuredmedia":[{"embeddable":true,"href":"https:\/\/laserenaradio.cl\/web\/wp-json\/wp\/v2\/media\/9066"}],"wp:attachment":[{"href":"https:\/\/laserenaradio.cl\/web\/wp-json\/wp\/v2\/media?parent=9067"}],"wp:term":[{"taxonomy":"category","embeddable":true,"href":"https:\/\/laserenaradio.cl\/web\/wp-json\/wp\/v2\/categories?post=9067"},{"taxonomy":"post_tag","embeddable":true,"href":"https:\/\/laserenaradio.cl\/web\/wp-json\/wp\/v2\/tags?post=9067"}],"curies":[{"name":"wp","href":"https:\/\/api.w.org\/{rel}","templated":true}]}}