{"id":9039,"date":"2024-12-24T21:21:05","date_gmt":"2024-12-25T00:21:05","guid":{"rendered":"https:\/\/laserenaradio.cl\/web\/?p=9039"},"modified":"2024-12-24T21:21:05","modified_gmt":"2024-12-25T00:21:05","slug":"vecinos-afectados-por-el-megaincendio-en-valparaiso-celebran-una-primera-navidad-con-regalos-y-actividades","status":"publish","type":"post","link":"https:\/\/laserenaradio.cl\/web\/2024\/12\/24\/vecinos-afectados-por-el-megaincendio-en-valparaiso-celebran-una-primera-navidad-con-regalos-y-actividades\/","title":{"rendered":"Vecinos afectados por el megaincendio en Valpara\u00edso celebran una primera navidad con regalos y actividades"},"content":{"rendered":"<p>En Valpara\u00edso, las familias afectadas por el megaincendio del 2 y 3 de febrero organizaron eventos navide\u00f1os con actividades para los ni\u00f1os.<!--more-->.<\/p>\n<p>Las fundaciones, como Levantemos Chile, entregaron juguetes a los m\u00e1s peque\u00f1os.<\/p>\n<p>Se realizaron paseos con regalos, un show de <a href=\"https:\/\/www.carabineros.cl\/\" rel=\"nofollow\">Carabineros<\/a> con perros policiales y una caravana de <a href=\"https:\/\/www.bomberos.cl\/\" rel=\"nofollow\">Bomberos<\/a> que tambi\u00e9n llev\u00f3 regalos.<\/p>\n<p>Estas actividades fueron organizadas en comunidades afectadas por la emergencia para celebrar la primera Navidad despu\u00e9s del desastre.<\/p>\n","protected":false},"excerpt":{"rendered":"<p>En Valpara\u00edso, las familias afectadas por el megaincendio del 2 y 3 de febrero organizaron eventos navide\u00f1os con actividades para los ni\u00f1os.<\/p>\n","protected":false},"author":2,"featured_media":9038,"comment_status":"closed","ping_status":"open","sticky":false,"template":"","format":"standard","meta":{"_jetpack_memberships_contains_paid_content":false,"jnews-multi-image_gallery":[],"jnews_single_post":[],"jnews_primary_category":[],"jnews_social_meta":[],"jnews_paywall_metabox":[],"jnews_review":[],"enable_review":"","type":"","name":"","summary":"","brand":"","sku":"","good":[],"bad":[],"score_override":"","override_value":"","rating":[],"price":[],"jnews_override_counter":[],"jnews_post_split":[],"footnotes":""},"categories":[21],"tags":[],"class_list":["post-9039","post","type-post","status-publish","format-standard","has-post-thumbnail","hentry","category-nacional"],"jetpack_featured_media_url":"https:\/\/laserenaradio.cl\/web\/wp-content\/uploads\/2024\/12\/img_webpafectadasactividadesregaloshttpnofollowboldEnValparaisofamiliasmegaincendio_0.webp","jetpack_sharing_enabled":true,"_links":{"self":[{"href":"https:\/\/laserenaradio.cl\/web\/wp-json\/wp\/v2\/posts\/9039","targetHints":{"allow":["GET"]}}],"collection":[{"href":"https:\/\/laserenaradio.cl\/web\/wp-json\/wp\/v2\/posts"}],"about":[{"href":"https:\/\/laserenaradio.cl\/web\/wp-json\/wp\/v2\/types\/post"}],"author":[{"embeddable":true,"href":"https:\/\/laserenaradio.cl\/web\/wp-json\/wp\/v2\/users\/2"}],"replies":[{"embeddable":true,"href":"https:\/\/laserenaradio.cl\/web\/wp-json\/wp\/v2\/comments?post=9039"}],"version-history":[{"count":1,"href":"https:\/\/laserenaradio.cl\/web\/wp-json\/wp\/v2\/posts\/9039\/revisions"}],"predecessor-version":[{"id":9040,"href":"https:\/\/laserenaradio.cl\/web\/wp-json\/wp\/v2\/posts\/9039\/revisions\/9040"}],"wp:featuredmedia":[{"embeddable":true,"href":"https:\/\/laserenaradio.cl\/web\/wp-json\/wp\/v2\/media\/9038"}],"wp:attachment":[{"href":"https:\/\/laserenaradio.cl\/web\/wp-json\/wp\/v2\/media?parent=9039"}],"wp:term":[{"taxonomy":"category","embeddable":true,"href":"https:\/\/laserenaradio.cl\/web\/wp-json\/wp\/v2\/categories?post=9039"},{"taxonomy":"post_tag","embeddable":true,"href":"https:\/\/laserenaradio.cl\/web\/wp-json\/wp\/v2\/tags?post=9039"}],"curies":[{"name":"wp","href":"https:\/\/api.w.org\/{rel}","templated":true}]}}