{"id":9027,"date":"2024-12-24T19:06:57","date_gmt":"2024-12-24T22:06:57","guid":{"rendered":"https:\/\/laserenaradio.cl\/web\/?p=9027"},"modified":"2024-12-24T19:06:57","modified_gmt":"2024-12-24T22:06:57","slug":"el-presidente-gabriel-boric-concede-indulto-a-katty-hurtado-condenada-por-matar-a-su-expareja","status":"publish","type":"post","link":"https:\/\/laserenaradio.cl\/web\/2024\/12\/24\/el-presidente-gabriel-boric-concede-indulto-a-katty-hurtado-condenada-por-matar-a-su-expareja\/","title":{"rendered":"El presidente Gabriel Boric concede indulto a Katty Hurtado, condenada por matar a su expareja"},"content":{"rendered":"<p><em>El presidente Gabriel Boric conmut\u00f3 la pena de 20 a\u00f1os de prisi\u00f3n a Katty Hurtado, quien fue condenada por matar a su expareja despu\u00e9s de sufrir violencia y agresiones durante mucho tiempo.<\/em><!--more--><\/p>\n<p>La decisi\u00f3n se tom\u00f3 tras una solicitud transversal del mundo pol\u00edtico chileno y cont\u00f3 con el apoyo de varias parlamentarias de diferentes partidos.<\/p>\n<p>Las legisladoras expresaron su apoyo a la medida, calific\u00e1ndola como &#8220;justa&#8221; e &#8220;humanitaria&#8221;.<\/p>\n<p>Algunas destacaron que el caso de Katty Hurtado era emblem\u00e1tico de una situaci\u00f3n de impunidad y violencia hacia las mujeres en Chile. Otras parlamentarias del oposici\u00f3n tambi\u00e9n se unieron al apoyo a la decisi\u00f3n.<\/p>\n<p>Se\u00f1alaron que el indulto no solo es un gesto de compasi\u00f3n, sino tambi\u00e9n una oportunidad para reflexionar sobre el sistema judicial y penitenciario chileno y c\u00f3mo aborda las situaciones de violencia de g\u00e9nero.<\/p>\n<p>Consideraron que la decisi\u00f3n fue importante en la b\u00fasqueda de justicia y equidad en el sistema legal.<\/p>\n<p>La conmutaci\u00f3n de pena se realiz\u00f3 por decreto presidencial, seg\u00fan lo establece la Ley N\u00ba 18.050, y se considera un acto humanitario para ayudar a Katty Hurtado a pasar Navidad con su familia.<\/p>\n","protected":false},"excerpt":{"rendered":"<p>El presidente Gabriel Boric conmut\u00f3 la pena de 20 a\u00f1os de prisi\u00f3n a Katty Hurtado, quien fue condenada por matar a su expareja despu\u00e9s de sufrir violencia y agresiones durante mucho tiempo.<\/p>\n","protected":false},"author":2,"featured_media":9026,"comment_status":"closed","ping_status":"open","sticky":false,"template":"","format":"standard","meta":{"_jetpack_memberships_contains_paid_content":false,"jnews-multi-image_gallery":[],"jnews_single_post":[],"jnews_primary_category":[],"jnews_social_meta":[],"jnews_paywall_metabox":[],"jnews_review":[],"enable_review":"","type":"","name":"","summary":"","brand":"","sku":"","good":[],"bad":[],"score_override":"","override_value":"","rating":[],"price":[],"jnews_override_counter":[],"jnews_post_split":[],"footnotes":""},"categories":[21],"tags":[],"class_list":["post-9027","post","type-post","status-publish","format-standard","has-post-thumbnail","hentry","category-nacional"],"jetpack_featured_media_url":"https:\/\/laserenaradio.cl\/web\/wp-content\/uploads\/2024\/12\/img_webpKattyHurtadoviolenciadecisionapoyopenaLachilenoparlamentariassistema_2.webp","jetpack_sharing_enabled":true,"_links":{"self":[{"href":"https:\/\/laserenaradio.cl\/web\/wp-json\/wp\/v2\/posts\/9027","targetHints":{"allow":["GET"]}}],"collection":[{"href":"https:\/\/laserenaradio.cl\/web\/wp-json\/wp\/v2\/posts"}],"about":[{"href":"https:\/\/laserenaradio.cl\/web\/wp-json\/wp\/v2\/types\/post"}],"author":[{"embeddable":true,"href":"https:\/\/laserenaradio.cl\/web\/wp-json\/wp\/v2\/users\/2"}],"replies":[{"embeddable":true,"href":"https:\/\/laserenaradio.cl\/web\/wp-json\/wp\/v2\/comments?post=9027"}],"version-history":[{"count":1,"href":"https:\/\/laserenaradio.cl\/web\/wp-json\/wp\/v2\/posts\/9027\/revisions"}],"predecessor-version":[{"id":9028,"href":"https:\/\/laserenaradio.cl\/web\/wp-json\/wp\/v2\/posts\/9027\/revisions\/9028"}],"wp:featuredmedia":[{"embeddable":true,"href":"https:\/\/laserenaradio.cl\/web\/wp-json\/wp\/v2\/media\/9026"}],"wp:attachment":[{"href":"https:\/\/laserenaradio.cl\/web\/wp-json\/wp\/v2\/media?parent=9027"}],"wp:term":[{"taxonomy":"category","embeddable":true,"href":"https:\/\/laserenaradio.cl\/web\/wp-json\/wp\/v2\/categories?post=9027"},{"taxonomy":"post_tag","embeddable":true,"href":"https:\/\/laserenaradio.cl\/web\/wp-json\/wp\/v2\/tags?post=9027"}],"curies":[{"name":"wp","href":"https:\/\/api.w.org\/{rel}","templated":true}]}}