{"id":9024,"date":"2024-12-24T18:55:11","date_gmt":"2024-12-24T21:55:11","guid":{"rendered":"https:\/\/laserenaradio.cl\/web\/?p=9024"},"modified":"2024-12-24T18:55:11","modified_gmt":"2024-12-24T21:55:11","slug":"incendio-forestal-en-quilicura-y-lampa-provoca-alerta-roja-y-humo-extendido-a-sectores-cercanos","status":"publish","type":"post","link":"https:\/\/laserenaradio.cl\/web\/2024\/12\/24\/incendio-forestal-en-quilicura-y-lampa-provoca-alerta-roja-y-humo-extendido-a-sectores-cercanos\/","title":{"rendered":"Incendio forestal en Quilicura y Lampa provoca Alerta Roja y humo extendido a sectores cercanos."},"content":{"rendered":"<p><em>Un incendio forestal en Chile se desplaz\u00f3 desde Quilicura a Lampa debido al viento y las condiciones clim\u00e1ticas.<\/em><!--more-->.<\/p>\n<p>La zona de Valle Grande, en Lampa, est\u00e1 bajo Alerta Roja de Senapred debido a su cercan\u00eda a sectores habitados.<\/p>\n<p>Los vecinos est\u00e1n realizando cortafuegos para proteger sus hogares del fuego, que ha consumido 30 hect\u00e1reas y est\u00e1 cubierta de humo.<\/p>\n<p>Equipos de <a href=\"https:\/\/www.bomberos.cl\/\" rel=\"nofollow\">Bomberos<\/a> y personal de CONAF trabajan para controlar el incendio, pero el viento y las condiciones clim\u00e1ticas dificultan las labores de emergencia.<\/p>\n","protected":false},"excerpt":{"rendered":"<p>Un incendio forestal en Chile se desplaz\u00f3 desde Quilicura a Lampa debido al viento y las condiciones clim\u00e1ticas.<\/p>\n","protected":false},"author":2,"featured_media":9023,"comment_status":"closed","ping_status":"open","sticky":false,"template":"","format":"standard","meta":{"_jetpack_memberships_contains_paid_content":false,"jnews-multi-image_gallery":[],"jnews_single_post":[],"jnews_primary_category":[],"jnews_social_meta":[],"jnews_paywall_metabox":[],"jnews_review":[],"enable_review":"","type":"","name":"","summary":"","brand":"","sku":"","good":[],"bad":[],"score_override":"","override_value":"","rating":[],"price":[],"jnews_override_counter":[],"jnews_post_split":[],"footnotes":""},"categories":[21],"tags":[],"class_list":["post-9024","post","type-post","status-publish","format-standard","has-post-thumbnail","hentry","category-nacional"],"jetpack_featured_media_url":"https:\/\/laserenaradio.cl\/web\/wp-content\/uploads\/2024\/12\/img_webpincendioLampadebidovientocondicionesemboldUnforestalChile_3.webp","jetpack_sharing_enabled":true,"_links":{"self":[{"href":"https:\/\/laserenaradio.cl\/web\/wp-json\/wp\/v2\/posts\/9024","targetHints":{"allow":["GET"]}}],"collection":[{"href":"https:\/\/laserenaradio.cl\/web\/wp-json\/wp\/v2\/posts"}],"about":[{"href":"https:\/\/laserenaradio.cl\/web\/wp-json\/wp\/v2\/types\/post"}],"author":[{"embeddable":true,"href":"https:\/\/laserenaradio.cl\/web\/wp-json\/wp\/v2\/users\/2"}],"replies":[{"embeddable":true,"href":"https:\/\/laserenaradio.cl\/web\/wp-json\/wp\/v2\/comments?post=9024"}],"version-history":[{"count":1,"href":"https:\/\/laserenaradio.cl\/web\/wp-json\/wp\/v2\/posts\/9024\/revisions"}],"predecessor-version":[{"id":9025,"href":"https:\/\/laserenaradio.cl\/web\/wp-json\/wp\/v2\/posts\/9024\/revisions\/9025"}],"wp:featuredmedia":[{"embeddable":true,"href":"https:\/\/laserenaradio.cl\/web\/wp-json\/wp\/v2\/media\/9023"}],"wp:attachment":[{"href":"https:\/\/laserenaradio.cl\/web\/wp-json\/wp\/v2\/media?parent=9024"}],"wp:term":[{"taxonomy":"category","embeddable":true,"href":"https:\/\/laserenaradio.cl\/web\/wp-json\/wp\/v2\/categories?post=9024"},{"taxonomy":"post_tag","embeddable":true,"href":"https:\/\/laserenaradio.cl\/web\/wp-json\/wp\/v2\/tags?post=9024"}],"curies":[{"name":"wp","href":"https:\/\/api.w.org\/{rel}","templated":true}]}}