{"id":9018,"date":"2024-12-24T18:11:49","date_gmt":"2024-12-24T21:11:49","guid":{"rendered":"https:\/\/laserenaradio.cl\/web\/?p=9018"},"modified":"2024-12-24T18:11:49","modified_gmt":"2024-12-24T21:11:49","slug":"el-presidente-gabriel-boric-envio-un-saludo-de-navidad-a-traves-de-un-video-optimista","status":"publish","type":"post","link":"https:\/\/laserenaradio.cl\/web\/2024\/12\/24\/el-presidente-gabriel-boric-envio-un-saludo-de-navidad-a-traves-de-un-video-optimista\/","title":{"rendered":"El presidente Gabriel Boric envi\u00f3 un saludo de Navidad a trav\u00e9s de un video optimista"},"content":{"rendered":"<p><em>El presidente Gabriel Boric envi\u00f3 a trav\u00e9s de un video un saludo navide\u00f1o a todos los chilenos y chilenas.<\/em><!--more-->.<\/p>\n<p>En su mensaje, pidi\u00f3 reflexi\u00f3n y optimismo para construir un Chile mejor.<\/p>\n<p>Record\u00f3 la importancia del encuentro y el cari\u00f1o durante la Navidad, y sugiri\u00f3 que sea un momento para reconciliarse con personas que no se han visto en tiempo, para recordar a seres queridos fallecidos y para pensar en c\u00f3mo mejorar la situaci\u00f3n en el pa\u00eds.<\/p>\n<blockquote class=\"twitter-tweet\">\n<p lang=\"es\" dir=\"ltr\">Revisa el mensaje de Navidad del Presidente de la Rep\u00fablica, Gabriel Boric Font. \u2728\ud83c\udf84<\/p>\n<p>Desde el <a href=\"https:\/\/twitter.com\/GobiernodeChile?ref_src=twsrc%5Etfw\">@GobiernodeChile<\/a> les deseamos unas fiestas llenas de paz, amor y esperanza para el futuro por el que estamos trabajando. <a href=\"https:\/\/t.co\/2mlEWHbGiu\">pic.twitter.com\/2mlEWHbGiu<\/a><\/p>\n<p>&mdash; Presidencia de Chile (@Presidencia_cl) <a href=\"https:\/\/twitter.com\/Presidencia_cl\/status\/1871638036884381823?ref_src=twsrc%5Etfw\">December 24, 2024<\/a><\/p><\/blockquote>\n<p>Expres\u00f3 su optimismo por el futuro de Chile y pidi\u00f3 a todos trabajar juntos para crear una sociedad m\u00e1s justa, amable y cari\u00f1osa.<\/p>\n<p>Finalmente, se dirigi\u00f3 a los chilenos con un abrazo gigante y les dese\u00f3 una feliz Navidad desde la casa del Palacio de la Moneda.<\/p>\n","protected":false},"excerpt":{"rendered":"<p>El presidente Gabriel Boric envi\u00f3 a trav\u00e9s de un video un saludo navide\u00f1o a todos los chilenos y chilenas.<\/p>\n","protected":false},"author":2,"featured_media":9017,"comment_status":"closed","ping_status":"open","sticky":false,"template":"","format":"standard","meta":{"_jetpack_memberships_contains_paid_content":false,"jnews-multi-image_gallery":[],"jnews_single_post":[],"jnews_primary_category":[],"jnews_social_meta":[],"jnews_paywall_metabox":[],"jnews_review":[],"enable_review":"","type":"","name":"","summary":"","brand":"","sku":"","good":[],"bad":[],"score_override":"","override_value":"","rating":[],"price":[],"jnews_override_counter":[],"jnews_post_split":[],"footnotes":""},"categories":[21],"tags":[],"class_list":["post-9018","post","type-post","status-publish","format-standard","has-post-thumbnail","hentry","category-nacional"],"jetpack_featured_media_url":"https:\/\/laserenaradio.cl\/web\/wp-content\/uploads\/2024\/12\/img_webpChilechilenospidiooptimismoNavidademboldElpresidenteGabriel_0.webp","jetpack_sharing_enabled":true,"_links":{"self":[{"href":"https:\/\/laserenaradio.cl\/web\/wp-json\/wp\/v2\/posts\/9018","targetHints":{"allow":["GET"]}}],"collection":[{"href":"https:\/\/laserenaradio.cl\/web\/wp-json\/wp\/v2\/posts"}],"about":[{"href":"https:\/\/laserenaradio.cl\/web\/wp-json\/wp\/v2\/types\/post"}],"author":[{"embeddable":true,"href":"https:\/\/laserenaradio.cl\/web\/wp-json\/wp\/v2\/users\/2"}],"replies":[{"embeddable":true,"href":"https:\/\/laserenaradio.cl\/web\/wp-json\/wp\/v2\/comments?post=9018"}],"version-history":[{"count":1,"href":"https:\/\/laserenaradio.cl\/web\/wp-json\/wp\/v2\/posts\/9018\/revisions"}],"predecessor-version":[{"id":9019,"href":"https:\/\/laserenaradio.cl\/web\/wp-json\/wp\/v2\/posts\/9018\/revisions\/9019"}],"wp:featuredmedia":[{"embeddable":true,"href":"https:\/\/laserenaradio.cl\/web\/wp-json\/wp\/v2\/media\/9017"}],"wp:attachment":[{"href":"https:\/\/laserenaradio.cl\/web\/wp-json\/wp\/v2\/media?parent=9018"}],"wp:term":[{"taxonomy":"category","embeddable":true,"href":"https:\/\/laserenaradio.cl\/web\/wp-json\/wp\/v2\/categories?post=9018"},{"taxonomy":"post_tag","embeddable":true,"href":"https:\/\/laserenaradio.cl\/web\/wp-json\/wp\/v2\/tags?post=9018"}],"curies":[{"name":"wp","href":"https:\/\/api.w.org\/{rel}","templated":true}]}}