{"id":9015,"date":"2024-12-24T18:06:25","date_gmt":"2024-12-24T21:06:25","guid":{"rendered":"https:\/\/laserenaradio.cl\/web\/?p=9015"},"modified":"2024-12-24T18:06:25","modified_gmt":"2024-12-24T21:06:25","slug":"la-comuna-de-limache-propone-reemplazar-fuegos-artificiales-con-un-show-de-drones-silencioso","status":"publish","type":"post","link":"https:\/\/laserenaradio.cl\/web\/2024\/12\/24\/la-comuna-de-limache-propone-reemplazar-fuegos-artificiales-con-un-show-de-drones-silencioso\/","title":{"rendered":"La comuna de Limache propone reemplazar fuegos artificiales con un show de drones silencioso"},"content":{"rendered":"<p><em>El municipio de Limache propone un show de drones en reemplazo de los fuegos artificiales tradicionales en la fiesta del a\u00f1o nuevo.<\/em><!--more-->.<\/p>\n<p>La propuesta tiene en cuenta a personas y animales que se ven afectados por el ruido de los fuegos artificiales, particularmente a las personas neurodivergentes.<\/p>\n<p>El espect\u00e1culo durar\u00eda 12 minutos y se realizar\u00eda en el Estadio Municipal \u00c1ngel Navarrete Candia con aud\u00edfonos para personas con sensibilidad sonora.<\/p>\n<p>La licitaci\u00f3n para contratar drones y figuras est\u00e1 programada para el 26 de diciembre, lo que da poco tiempo para la implementaci\u00f3n del proyecto.<\/p>\n<p>El alcalde asegur\u00f3 que hay empresas interesadas en llevar el espect\u00e1culo a cabo, por lo que se espera que no habr\u00e1 problemas para llegar al 31 de diciembre con el proyecto.<\/p>\n","protected":false},"excerpt":{"rendered":"<p>El municipio de Limache propone un show de drones en reemplazo de los fuegos artificiales tradicionales en la fiesta del a\u00f1o nuevo.<\/p>\n","protected":false},"author":2,"featured_media":9014,"comment_status":"closed","ping_status":"open","sticky":false,"template":"","format":"standard","meta":{"_jetpack_memberships_contains_paid_content":false,"jnews-multi-image_gallery":[],"jnews_single_post":[],"jnews_primary_category":[],"jnews_social_meta":[],"jnews_paywall_metabox":[],"jnews_review":[],"enable_review":"","type":"","name":"","summary":"","brand":"","sku":"","good":[],"bad":[],"score_override":"","override_value":"","rating":[],"price":[],"jnews_override_counter":[],"jnews_post_split":[],"footnotes":""},"categories":[21],"tags":[],"class_list":["post-9015","post","type-post","status-publish","format-standard","has-post-thumbnail","hentry","category-nacional"],"jetpack_featured_media_url":"https:\/\/laserenaradio.cl\/web\/wp-content\/uploads\/2024\/12\/img_webpElpersonadronefuegoartificialesLaespectaculodiciembreproyectoem_0.webp","jetpack_sharing_enabled":true,"_links":{"self":[{"href":"https:\/\/laserenaradio.cl\/web\/wp-json\/wp\/v2\/posts\/9015","targetHints":{"allow":["GET"]}}],"collection":[{"href":"https:\/\/laserenaradio.cl\/web\/wp-json\/wp\/v2\/posts"}],"about":[{"href":"https:\/\/laserenaradio.cl\/web\/wp-json\/wp\/v2\/types\/post"}],"author":[{"embeddable":true,"href":"https:\/\/laserenaradio.cl\/web\/wp-json\/wp\/v2\/users\/2"}],"replies":[{"embeddable":true,"href":"https:\/\/laserenaradio.cl\/web\/wp-json\/wp\/v2\/comments?post=9015"}],"version-history":[{"count":1,"href":"https:\/\/laserenaradio.cl\/web\/wp-json\/wp\/v2\/posts\/9015\/revisions"}],"predecessor-version":[{"id":9016,"href":"https:\/\/laserenaradio.cl\/web\/wp-json\/wp\/v2\/posts\/9015\/revisions\/9016"}],"wp:featuredmedia":[{"embeddable":true,"href":"https:\/\/laserenaradio.cl\/web\/wp-json\/wp\/v2\/media\/9014"}],"wp:attachment":[{"href":"https:\/\/laserenaradio.cl\/web\/wp-json\/wp\/v2\/media?parent=9015"}],"wp:term":[{"taxonomy":"category","embeddable":true,"href":"https:\/\/laserenaradio.cl\/web\/wp-json\/wp\/v2\/categories?post=9015"},{"taxonomy":"post_tag","embeddable":true,"href":"https:\/\/laserenaradio.cl\/web\/wp-json\/wp\/v2\/tags?post=9015"}],"curies":[{"name":"wp","href":"https:\/\/api.w.org\/{rel}","templated":true}]}}