{"id":8982,"date":"2024-12-24T11:25:25","date_gmt":"2024-12-24T14:25:25","guid":{"rendered":"https:\/\/laserenaradio.cl\/web\/?p=8982"},"modified":"2024-12-24T11:25:25","modified_gmt":"2024-12-24T14:25:25","slug":"detienen-a-tres-sujetos-incluyendo-sicarios-de-bandas-criminales-por-homicidios-en-chile","status":"publish","type":"post","link":"https:\/\/laserenaradio.cl\/web\/2024\/12\/24\/detienen-a-tres-sujetos-incluyendo-sicarios-de-bandas-criminales-por-homicidios-en-chile\/","title":{"rendered":"Detienen a tres sujetos, incluyendo sicarios de bandas criminales, por homicidios en Chile"},"content":{"rendered":"<p><em>La Polic\u00eda de Investigaciones (PDI) y la Fiscal\u00eda ECOH lograron la detenci\u00f3n de tres personas involucradas en homicidios relacionados con el crimen organizado.<\/em><!--more-->.<\/p>\n<p>Los detenidos son:<\/p>\n<p>* Un dominicano de 26 a\u00f1os, con situaci\u00f3n migratoria irregular, acusado de un robo con homicidio ocurrido en julio pasado en Independencia.<br \/>\n* Otro dominicano de 36 a\u00f1os, tambi\u00e9n con situaci\u00f3n migratoria irregular, acusado de ser parte de la banda criminal &#8220;Los Trinitarios&#8221;.<br \/>\n* Un peruano de 30 a\u00f1os, acusado de ser un sicario de la banda transnacional &#8220;Los Pulpos&#8221;.<\/p>\n<p>La investigaci\u00f3n revel\u00f3 que uno de los dominicanos fue capturado intentando ingresar ilegalmente al pa\u00eds desde Per\u00fa y que el tercer detenido hab\u00eda huido a Per\u00fa despu\u00e9s del delito.<\/p>\n<p>Gracias a una geolocalizaci\u00f3n telef\u00f3nica, se logr\u00f3 su captura en Trujillo con la ayuda de Interpol.<\/p>\n<p>Los jefes de la Regi\u00f3n Policial Metropolitana de Santiago y la Fiscal\u00eda ECOH destacaron que estas detenciones representan un golpe importante contra estructuras criminales que han causado delitos de homicidio en la regi\u00f3n.<\/p>\n<p>Los imputados est\u00e1n actualmente en prisi\u00f3n preventiva, y se est\u00e1 investigando si est\u00e1n vinculados al tr\u00e1fico de drogas y a otros delitos.<\/p>\n","protected":false},"excerpt":{"rendered":"<p>La Polic\u00eda de Investigaciones (PDI) y la Fiscal\u00eda ECOH lograron la detenci\u00f3n de tres personas involucradas en homicidios relacionados con el crimen organizado.<\/p>\n","protected":false},"author":2,"featured_media":8981,"comment_status":"closed","ping_status":"open","sticky":false,"template":"","format":"standard","meta":{"_jetpack_memberships_contains_paid_content":false,"jnews-multi-image_gallery":[],"jnews_single_post":[],"jnews_primary_category":[],"jnews_social_meta":[],"jnews_paywall_metabox":[],"jnews_review":[],"enable_review":"","type":"","name":"","summary":"","brand":"","sku":"","good":[],"bad":[],"score_override":"","override_value":"","rating":[],"price":[],"jnews_override_counter":[],"jnews_post_split":[],"footnotes":""},"categories":[21],"tags":[],"class_list":["post-8982","post","type-post","status-publish","format-standard","has-post-thumbnail","hentry","category-nacional"],"jetpack_featured_media_url":"https:\/\/laserenaradio.cl\/web\/wp-content\/uploads\/2024\/12\/img_webpLosanosacusadoLaFiscaliaECOHUndominicanosituacionmigratoria_2.webp","jetpack_sharing_enabled":true,"_links":{"self":[{"href":"https:\/\/laserenaradio.cl\/web\/wp-json\/wp\/v2\/posts\/8982","targetHints":{"allow":["GET"]}}],"collection":[{"href":"https:\/\/laserenaradio.cl\/web\/wp-json\/wp\/v2\/posts"}],"about":[{"href":"https:\/\/laserenaradio.cl\/web\/wp-json\/wp\/v2\/types\/post"}],"author":[{"embeddable":true,"href":"https:\/\/laserenaradio.cl\/web\/wp-json\/wp\/v2\/users\/2"}],"replies":[{"embeddable":true,"href":"https:\/\/laserenaradio.cl\/web\/wp-json\/wp\/v2\/comments?post=8982"}],"version-history":[{"count":1,"href":"https:\/\/laserenaradio.cl\/web\/wp-json\/wp\/v2\/posts\/8982\/revisions"}],"predecessor-version":[{"id":8983,"href":"https:\/\/laserenaradio.cl\/web\/wp-json\/wp\/v2\/posts\/8982\/revisions\/8983"}],"wp:featuredmedia":[{"embeddable":true,"href":"https:\/\/laserenaradio.cl\/web\/wp-json\/wp\/v2\/media\/8981"}],"wp:attachment":[{"href":"https:\/\/laserenaradio.cl\/web\/wp-json\/wp\/v2\/media?parent=8982"}],"wp:term":[{"taxonomy":"category","embeddable":true,"href":"https:\/\/laserenaradio.cl\/web\/wp-json\/wp\/v2\/categories?post=8982"},{"taxonomy":"post_tag","embeddable":true,"href":"https:\/\/laserenaradio.cl\/web\/wp-json\/wp\/v2\/tags?post=8982"}],"curies":[{"name":"wp","href":"https:\/\/api.w.org\/{rel}","templated":true}]}}