{"id":8972,"date":"2024-12-22T14:24:25","date_gmt":"2024-12-22T17:24:25","guid":{"rendered":"https:\/\/laserenaradio.cl\/web\/?p=8972"},"modified":"2024-12-22T14:24:25","modified_gmt":"2024-12-22T17:24:25","slug":"asesinato-de-funcionario-de-dgac-por-dos-sujetos-desconocidos-en-santiago","status":"publish","type":"post","link":"https:\/\/laserenaradio.cl\/web\/2024\/12\/22\/asesinato-de-funcionario-de-dgac-por-dos-sujetos-desconocidos-en-santiago\/","title":{"rendered":"Asesinato de funcionario de DGAC por dos sujetos desconocidos en Santiago"},"content":{"rendered":"<p><em>Un funcionario de la Direcci\u00f3n General de Aeron\u00e1utica Civil (DGAC) fue asesinado a balazos mientras se dirig\u00eda al aeropuerto Arturo Merino Ben\u00edtez para trabajar.<\/em><!--more-->.<\/p>\n<p>El crimen ocurri\u00f3 el s\u00e1bado en San Joaqu\u00edn, cuando el hombre fue abordado por dos sujetos desconocidos que le dispararon varias veces.<\/p>\n<p>Una de las balas impact\u00f3 en su t\u00f3rax y caus\u00f3 la muerte.<\/p>\n<p>La DGAC confirm\u00f3 la identidad de la v\u00edctima y expuso sus condolencias a su familia y seres queridos.<\/p>\n","protected":false},"excerpt":{"rendered":"<p>Un funcionario de la Direcci\u00f3n General de Aeron\u00e1utica Civil (DGAC) fue asesinado a balazos mientras se dirig\u00eda al aeropuerto Arturo Merino Ben\u00edtez para trabajar.<\/p>\n","protected":false},"author":2,"featured_media":8971,"comment_status":"closed","ping_status":"open","sticky":false,"template":"","format":"standard","meta":{"_jetpack_memberships_contains_paid_content":false,"jnews-multi-image_gallery":[],"jnews_single_post":[],"jnews_primary_category":[],"jnews_social_meta":[],"jnews_paywall_metabox":[],"jnews_review":[],"enable_review":"","type":"","name":"","summary":"","brand":"","sku":"","good":[],"bad":[],"score_override":"","override_value":"","rating":[],"price":[],"jnews_override_counter":[],"jnews_post_split":[],"footnotes":""},"categories":[21],"tags":[],"class_list":["post-8972","post","type-post","status-publish","format-standard","has-post-thumbnail","hentry","category-nacional"],"jetpack_featured_media_url":"https:\/\/laserenaradio.cl\/web\/wp-content\/uploads\/2024\/12\/img_webpDGACemUnfuncionarioDireccionGeneralAeronauticaCivilasesinadobalazos_3.webp","jetpack_sharing_enabled":true,"_links":{"self":[{"href":"https:\/\/laserenaradio.cl\/web\/wp-json\/wp\/v2\/posts\/8972","targetHints":{"allow":["GET"]}}],"collection":[{"href":"https:\/\/laserenaradio.cl\/web\/wp-json\/wp\/v2\/posts"}],"about":[{"href":"https:\/\/laserenaradio.cl\/web\/wp-json\/wp\/v2\/types\/post"}],"author":[{"embeddable":true,"href":"https:\/\/laserenaradio.cl\/web\/wp-json\/wp\/v2\/users\/2"}],"replies":[{"embeddable":true,"href":"https:\/\/laserenaradio.cl\/web\/wp-json\/wp\/v2\/comments?post=8972"}],"version-history":[{"count":1,"href":"https:\/\/laserenaradio.cl\/web\/wp-json\/wp\/v2\/posts\/8972\/revisions"}],"predecessor-version":[{"id":8973,"href":"https:\/\/laserenaradio.cl\/web\/wp-json\/wp\/v2\/posts\/8972\/revisions\/8973"}],"wp:featuredmedia":[{"embeddable":true,"href":"https:\/\/laserenaradio.cl\/web\/wp-json\/wp\/v2\/media\/8971"}],"wp:attachment":[{"href":"https:\/\/laserenaradio.cl\/web\/wp-json\/wp\/v2\/media?parent=8972"}],"wp:term":[{"taxonomy":"category","embeddable":true,"href":"https:\/\/laserenaradio.cl\/web\/wp-json\/wp\/v2\/categories?post=8972"},{"taxonomy":"post_tag","embeddable":true,"href":"https:\/\/laserenaradio.cl\/web\/wp-json\/wp\/v2\/tags?post=8972"}],"curies":[{"name":"wp","href":"https:\/\/api.w.org\/{rel}","templated":true}]}}