{"id":8968,"date":"2024-12-22T14:21:09","date_gmt":"2024-12-22T17:21:09","guid":{"rendered":"https:\/\/laserenaradio.cl\/web\/?p=8968"},"modified":"2024-12-22T14:21:09","modified_gmt":"2024-12-22T17:21:09","slug":"alerta-roja-en-los-alamos-debido-a-un-incendio-forestal-intencional-de-300-hectareas","status":"publish","type":"post","link":"https:\/\/laserenaradio.cl\/web\/2024\/12\/22\/alerta-roja-en-los-alamos-debido-a-un-incendio-forestal-intencional-de-300-hectareas\/","title":{"rendered":"Alerta Roja en Los \u00c1lamos debido a un incendio forestal intencional de 300 hect\u00e1reas"},"content":{"rendered":"<p><em>Senapred ha declarado Alerta Roja en la comuna de Los \u00c1lamos debido a un incendio forestal que ya ha consumido 300 hect\u00e1reas.<\/em><!--more-->.<\/p>\n<p>Las llamas est\u00e1n amenazando la poblaci\u00f3n Toco Toco, ubicada a solo 200 metros del fuego.<\/p>\n<p>Seg\u00fan el delegado presidencial de Arauco, Humberto Toro, el origen del fuego fue intencional y se inici\u00f3 en una quebrada.<\/p>\n<p>Aunque no hay viviendas quemadas, la Seremi de Salud est\u00e1 trabajando con habitantes para evitar problemas por el humo.<\/p>\n<p>La Conaf est\u00e1 utilizando recursos a\u00e9reos y brigadas terrestres, as\u00ed como el apoyo de Forestal Arauco, para combatir el incendio.<\/p>\n","protected":false},"excerpt":{"rendered":"<p>Senapred ha declarado Alerta Roja en la comuna de Los \u00c1lamos debido a un incendio forestal que ya ha consumido 300 hect\u00e1reas.<\/p>\n","protected":false},"author":2,"featured_media":8967,"comment_status":"closed","ping_status":"open","sticky":false,"template":"","format":"standard","meta":{"_jetpack_memberships_contains_paid_content":false,"jnews-multi-image_gallery":[],"jnews_single_post":{"format":"standard"},"jnews_primary_category":[],"jnews_social_meta":[],"jnews_paywall_metabox":[],"jnews_review":[],"enable_review":"","type":"","name":"","summary":"","brand":"","sku":"","good":[],"bad":[],"score_override":"","override_value":"","rating":[],"price":[],"jnews_override_counter":[],"jnews_post_split":[],"footnotes":""},"categories":[21],"tags":[],"class_list":["post-8968","post","type-post","status-publish","format-standard","has-post-thumbnail","hentry","category-nacional"],"jetpack_featured_media_url":"https:\/\/laserenaradio.cl\/web\/wp-content\/uploads\/2024\/12\/img_webpincendioTocofuegoAraucoemElSenapreddeclaradoAlertaRoja_0.webp","jetpack_sharing_enabled":true,"_links":{"self":[{"href":"https:\/\/laserenaradio.cl\/web\/wp-json\/wp\/v2\/posts\/8968","targetHints":{"allow":["GET"]}}],"collection":[{"href":"https:\/\/laserenaradio.cl\/web\/wp-json\/wp\/v2\/posts"}],"about":[{"href":"https:\/\/laserenaradio.cl\/web\/wp-json\/wp\/v2\/types\/post"}],"author":[{"embeddable":true,"href":"https:\/\/laserenaradio.cl\/web\/wp-json\/wp\/v2\/users\/2"}],"replies":[{"embeddable":true,"href":"https:\/\/laserenaradio.cl\/web\/wp-json\/wp\/v2\/comments?post=8968"}],"version-history":[{"count":1,"href":"https:\/\/laserenaradio.cl\/web\/wp-json\/wp\/v2\/posts\/8968\/revisions"}],"predecessor-version":[{"id":8969,"href":"https:\/\/laserenaradio.cl\/web\/wp-json\/wp\/v2\/posts\/8968\/revisions\/8969"}],"wp:featuredmedia":[{"embeddable":true,"href":"https:\/\/laserenaradio.cl\/web\/wp-json\/wp\/v2\/media\/8967"}],"wp:attachment":[{"href":"https:\/\/laserenaradio.cl\/web\/wp-json\/wp\/v2\/media?parent=8968"}],"wp:term":[{"taxonomy":"category","embeddable":true,"href":"https:\/\/laserenaradio.cl\/web\/wp-json\/wp\/v2\/categories?post=8968"},{"taxonomy":"post_tag","embeddable":true,"href":"https:\/\/laserenaradio.cl\/web\/wp-json\/wp\/v2\/tags?post=8968"}],"curies":[{"name":"wp","href":"https:\/\/api.w.org\/{rel}","templated":true}]}}