{"id":8965,"date":"2024-12-22T14:20:00","date_gmt":"2024-12-22T17:20:00","guid":{"rendered":"https:\/\/laserenaradio.cl\/web\/?p=8965"},"modified":"2024-12-22T14:20:00","modified_gmt":"2024-12-22T17:20:00","slug":"la-compania-nacional-de-desarrollo-indigena-conadi-compra-un-predio-en-freire-por-10-mil-millones-de-pesos","status":"publish","type":"post","link":"https:\/\/laserenaradio.cl\/web\/2024\/12\/22\/la-compania-nacional-de-desarrollo-indigena-conadi-compra-un-predio-en-freire-por-10-mil-millones-de-pesos\/","title":{"rendered":"La Compa\u00f1\u00eda Nacional de Desarrollo Ind\u00edgena (Conadi) compra un predio en Freire por 10 mil millones de pesos"},"content":{"rendered":"<p><em>La Corporaci\u00f3n Nacional de Desarrollo Ind\u00edgena (Conadi) compr\u00f3 el predio &#8220;Fundo El Nudo&#8221; en Freire por cerca de 10 mil millones de pesos, lo que es m\u00e1s de 4 veces su valor fiscal de aproximadamente $2.500 millones.<\/em><!--more-->.<\/p>\n<p>La compra gener\u00f3 cr\u00edticas y cuestionamientos sobre la supuesta corrupci\u00f3n del proceso de adquisici\u00f3n.<\/p>\n<p>Algunos diputados, como Andr\u00e9s Jouannet (Amarillos por Chile) y Miguel Mellado (Renovaci\u00f3n Nacional), calificaron la situaci\u00f3n como &#8220;acto de corrupci\u00f3n&#8221; o &#8220;irregular&#8221;, mientras que Henry Leal (UDI) se\u00f1al\u00f3 que el predio podr\u00eda estar &#8220;perturbado&#8221;.<\/p>\n<p>La Conadi asegur\u00f3 que el proceso cumpli\u00f3 con los procedimientos administrativos, pero no especific\u00f3 si se aplicaron medidas de protecci\u00f3n policial en la zona, donde hay ocupaciones y acciones de comuneros mapuches.<\/p>\n","protected":false},"excerpt":{"rendered":"<p>La Corporaci\u00f3n Nacional de Desarrollo Ind\u00edgena (Conadi) compr\u00f3 el predio &#8220;Fundo El Nudo&#8221; en Freire por cerca de 10 mil millones de pesos, lo que es m\u00e1s de 4 veces su valor fiscal de aproximadamente $2.500 millones.<\/p>\n","protected":false},"author":2,"featured_media":8964,"comment_status":"closed","ping_status":"open","sticky":false,"template":"","format":"standard","meta":{"_jetpack_memberships_contains_paid_content":false,"jnews-multi-image_gallery":[],"jnews_single_post":[],"jnews_primary_category":[],"jnews_social_meta":[],"jnews_paywall_metabox":[],"jnews_review":[],"enable_review":"","type":"","name":"","summary":"","brand":"","sku":"","good":[],"bad":[],"score_override":"","override_value":"","rating":[],"price":[],"jnews_override_counter":[],"jnews_post_split":[],"footnotes":""},"categories":[21],"tags":[],"class_list":["post-8965","post","type-post","status-publish","format-standard","has-post-thumbnail","hentry","category-nacional"],"jetpack_featured_media_url":"https:\/\/laserenaradio.cl\/web\/wp-content\/uploads\/2024\/12\/img_webpLaNacionalConadiprediocorrupcionprocesoemCorporacionDesarrolloIndigena_0.webp","jetpack_sharing_enabled":true,"_links":{"self":[{"href":"https:\/\/laserenaradio.cl\/web\/wp-json\/wp\/v2\/posts\/8965","targetHints":{"allow":["GET"]}}],"collection":[{"href":"https:\/\/laserenaradio.cl\/web\/wp-json\/wp\/v2\/posts"}],"about":[{"href":"https:\/\/laserenaradio.cl\/web\/wp-json\/wp\/v2\/types\/post"}],"author":[{"embeddable":true,"href":"https:\/\/laserenaradio.cl\/web\/wp-json\/wp\/v2\/users\/2"}],"replies":[{"embeddable":true,"href":"https:\/\/laserenaradio.cl\/web\/wp-json\/wp\/v2\/comments?post=8965"}],"version-history":[{"count":1,"href":"https:\/\/laserenaradio.cl\/web\/wp-json\/wp\/v2\/posts\/8965\/revisions"}],"predecessor-version":[{"id":8966,"href":"https:\/\/laserenaradio.cl\/web\/wp-json\/wp\/v2\/posts\/8965\/revisions\/8966"}],"wp:featuredmedia":[{"embeddable":true,"href":"https:\/\/laserenaradio.cl\/web\/wp-json\/wp\/v2\/media\/8964"}],"wp:attachment":[{"href":"https:\/\/laserenaradio.cl\/web\/wp-json\/wp\/v2\/media?parent=8965"}],"wp:term":[{"taxonomy":"category","embeddable":true,"href":"https:\/\/laserenaradio.cl\/web\/wp-json\/wp\/v2\/categories?post=8965"},{"taxonomy":"post_tag","embeddable":true,"href":"https:\/\/laserenaradio.cl\/web\/wp-json\/wp\/v2\/tags?post=8965"}],"curies":[{"name":"wp","href":"https:\/\/api.w.org\/{rel}","templated":true}]}}