{"id":8848,"date":"2024-12-16T18:39:31","date_gmt":"2024-12-16T21:39:31","guid":{"rendered":"https:\/\/laserenaradio.cl\/web\/?p=8848"},"modified":"2024-12-16T18:39:31","modified_gmt":"2024-12-16T21:39:31","slug":"arrendatarios-del-tren-en-llanquihue-reciben-orden-de-desalojo-con-un-ano-de-anticipacion","status":"publish","type":"post","link":"https:\/\/laserenaradio.cl\/web\/2024\/12\/16\/arrendatarios-del-tren-en-llanquihue-reciben-orden-de-desalojo-con-un-ano-de-anticipacion\/","title":{"rendered":"Arrendatarios del tren en Llanquihue reciben orden de desalojo con un a\u00f1o de anticipaci\u00f3n"},"content":{"rendered":"<p>Los due\u00f1os de la estaci\u00f3n de trenes en Llanquihue (regi\u00f3n de Los Lagos) fueron informados de que su contrato terminar\u00e1 el 15 de enero de 2025.<\/p>\n<p>Esto se debe a una decisi\u00f3n tomada por EFE, que les comunic\u00f3 que no hab\u00edan cumplido con las condiciones del contrato al no realizar actividades culturales.<\/p>\n<p>Sin embargo, la empresa Cibi, que arrienda la estaci\u00f3n, afirma que se trata de un tema econ\u00f3mico y que los due\u00f1os han invertido dinero en el lugar (como una fuente de soda).<\/p>\n<p>La empresa tambi\u00e9n menciona que hay una deuda de arrendamiento pendiente por parte de los ocupantes.<\/p>\n","protected":false},"excerpt":{"rendered":"<p>Los due\u00f1os de la estaci\u00f3n de trenes en Llanquihue (regi\u00f3n de Los Lagos) fueron informados de que su contrato terminar\u00e1 el 15 de enero de 2025. Esto se debe a una decisi\u00f3n tomada por EFE, que les comunic\u00f3 que no hab\u00edan cumplido con las condiciones del contrato al no realizar actividades culturales. Sin embargo, la [&hellip;]<\/p>\n","protected":false},"author":2,"featured_media":8847,"comment_status":"closed","ping_status":"open","sticky":false,"template":"","format":"standard","meta":{"_jetpack_memberships_contains_paid_content":false,"jnews-multi-image_gallery":[],"jnews_single_post":[],"jnews_primary_category":[],"jnews_social_meta":[],"jnews_paywall_metabox":[],"jnews_review":[],"enable_review":"","type":"","name":"","summary":"","brand":"","sku":"","good":[],"bad":[],"score_override":"","override_value":"","rating":[],"price":[],"jnews_override_counter":[],"jnews_post_split":[],"footnotes":""},"categories":[21],"tags":[],"class_list":["post-8848","post","type-post","status-publish","format-standard","has-post-thumbnail","hentry","category-nacional"],"jetpack_featured_media_url":"https:\/\/laserenaradio.cl\/web\/wp-content\/uploads\/2024\/12\/img_webpLosduenosestacioncontratoempresatrenesLlanquihueregionLagosinformados_0.webp","jetpack_sharing_enabled":true,"_links":{"self":[{"href":"https:\/\/laserenaradio.cl\/web\/wp-json\/wp\/v2\/posts\/8848","targetHints":{"allow":["GET"]}}],"collection":[{"href":"https:\/\/laserenaradio.cl\/web\/wp-json\/wp\/v2\/posts"}],"about":[{"href":"https:\/\/laserenaradio.cl\/web\/wp-json\/wp\/v2\/types\/post"}],"author":[{"embeddable":true,"href":"https:\/\/laserenaradio.cl\/web\/wp-json\/wp\/v2\/users\/2"}],"replies":[{"embeddable":true,"href":"https:\/\/laserenaradio.cl\/web\/wp-json\/wp\/v2\/comments?post=8848"}],"version-history":[{"count":1,"href":"https:\/\/laserenaradio.cl\/web\/wp-json\/wp\/v2\/posts\/8848\/revisions"}],"predecessor-version":[{"id":8849,"href":"https:\/\/laserenaradio.cl\/web\/wp-json\/wp\/v2\/posts\/8848\/revisions\/8849"}],"wp:featuredmedia":[{"embeddable":true,"href":"https:\/\/laserenaradio.cl\/web\/wp-json\/wp\/v2\/media\/8847"}],"wp:attachment":[{"href":"https:\/\/laserenaradio.cl\/web\/wp-json\/wp\/v2\/media?parent=8848"}],"wp:term":[{"taxonomy":"category","embeddable":true,"href":"https:\/\/laserenaradio.cl\/web\/wp-json\/wp\/v2\/categories?post=8848"},{"taxonomy":"post_tag","embeddable":true,"href":"https:\/\/laserenaradio.cl\/web\/wp-json\/wp\/v2\/tags?post=8848"}],"curies":[{"name":"wp","href":"https:\/\/api.w.org\/{rel}","templated":true}]}}