{"id":8842,"date":"2024-12-16T18:35:20","date_gmt":"2024-12-16T21:35:20","guid":{"rendered":"https:\/\/laserenaradio.cl\/web\/?p=8842"},"modified":"2024-12-16T18:38:09","modified_gmt":"2024-12-16T21:38:09","slug":"comision-legislativa-cita-a-autoridades-por-proceso-de-regularizacion-migratoria","status":"publish","type":"post","link":"https:\/\/laserenaradio.cl\/web\/2024\/12\/16\/comision-legislativa-cita-a-autoridades-por-proceso-de-regularizacion-migratoria\/","title":{"rendered":"Comisi\u00f3n legislativa cita a autoridades por proceso de regularizaci\u00f3n migratoria"},"content":{"rendered":"<p>La Comisi\u00f3n de Gobierno Interior de la C\u00e1mara de Diputados ha citado a los directores de la Polic\u00eda de Investigaciones (PDI) y del Registro Civil para discutir el proceso de &#8220;regularizaci\u00f3n acotada&#8221; de migrantes irregulares.<\/p>\n<p>La cita es en respuesta a un evento ca\u00f3tico en Estaci\u00f3n Central, donde miles de personas se enlistaron como migrantes.<\/p>\n<p>El presidente de la comisi\u00f3n, Rub\u00e9n Oyarzo, considera que este evento demuestra que el proceso de regularizaci\u00f3n abierta por el gobierno ha &#8220;generado un efecto llamada&#8221;.<\/p>\n<p>La comisi\u00f3n tambi\u00e9n citar\u00e1 a la ministra del Interior y al subsecretario para discutir su rol en el proceso.<\/p>\n<p>Oyarzo se opone a lo que considera una acci\u00f3n inaceptable por parte del Ejecutivo, que parece apuntar a legalizar la migraci\u00f3n ilegal.<\/p>\n","protected":false},"excerpt":{"rendered":"<p>La Comisi\u00f3n de Gobierno Interior de la C\u00e1mara de Diputados ha citado a los directores de la Polic\u00eda de Investigaciones (PDI) y del Registro Civil para discutir el proceso de &#8220;regularizaci\u00f3n acotada&#8221; de migrantes irregulares. La cita es en respuesta a un evento ca\u00f3tico en Estaci\u00f3n Central, donde miles de personas se enlistaron como migrantes. [&hellip;]<\/p>\n","protected":false},"author":2,"featured_media":8841,"comment_status":"closed","ping_status":"open","sticky":false,"template":"","format":"standard","meta":{"_jetpack_memberships_contains_paid_content":false,"jnews-multi-image_gallery":[],"jnews_single_post":[],"jnews_primary_category":[],"jnews_social_meta":[],"jnews_paywall_metabox":[],"jnews_review":[],"enable_review":"","type":"","name":"","summary":"","brand":"","sku":"","good":[],"bad":[],"score_override":"","override_value":"","rating":[],"price":[],"jnews_override_counter":[],"jnews_post_split":[],"footnotes":""},"categories":[21],"tags":[],"class_list":["post-8842","post","type-post","status-publish","format-standard","has-post-thumbnail","hentry","category-nacional"],"jetpack_featured_media_url":"https:\/\/laserenaradio.cl\/web\/wp-content\/uploads\/2024\/12\/img_webpLaprocesoInteriordiscutirregularizacionmigranteseventocomisionOyarzoconsidera_0.webp","jetpack_sharing_enabled":true,"_links":{"self":[{"href":"https:\/\/laserenaradio.cl\/web\/wp-json\/wp\/v2\/posts\/8842","targetHints":{"allow":["GET"]}}],"collection":[{"href":"https:\/\/laserenaradio.cl\/web\/wp-json\/wp\/v2\/posts"}],"about":[{"href":"https:\/\/laserenaradio.cl\/web\/wp-json\/wp\/v2\/types\/post"}],"author":[{"embeddable":true,"href":"https:\/\/laserenaradio.cl\/web\/wp-json\/wp\/v2\/users\/2"}],"replies":[{"embeddable":true,"href":"https:\/\/laserenaradio.cl\/web\/wp-json\/wp\/v2\/comments?post=8842"}],"version-history":[{"count":1,"href":"https:\/\/laserenaradio.cl\/web\/wp-json\/wp\/v2\/posts\/8842\/revisions"}],"predecessor-version":[{"id":8843,"href":"https:\/\/laserenaradio.cl\/web\/wp-json\/wp\/v2\/posts\/8842\/revisions\/8843"}],"wp:featuredmedia":[{"embeddable":true,"href":"https:\/\/laserenaradio.cl\/web\/wp-json\/wp\/v2\/media\/8841"}],"wp:attachment":[{"href":"https:\/\/laserenaradio.cl\/web\/wp-json\/wp\/v2\/media?parent=8842"}],"wp:term":[{"taxonomy":"category","embeddable":true,"href":"https:\/\/laserenaradio.cl\/web\/wp-json\/wp\/v2\/categories?post=8842"},{"taxonomy":"post_tag","embeddable":true,"href":"https:\/\/laserenaradio.cl\/web\/wp-json\/wp\/v2\/tags?post=8842"}],"curies":[{"name":"wp","href":"https:\/\/api.w.org\/{rel}","templated":true}]}}