{"id":8836,"date":"2024-12-16T18:32:19","date_gmt":"2024-12-16T21:32:19","guid":{"rendered":"https:\/\/laserenaradio.cl\/web\/?p=8836"},"modified":"2024-12-16T18:32:19","modified_gmt":"2024-12-16T21:32:19","slug":"internos-intentaron-fugarse-de-la-carcel-de-victoria-pero-fueron-frustrados-por-gendarmeria","status":"publish","type":"post","link":"https:\/\/laserenaradio.cl\/web\/2024\/12\/16\/internos-intentaron-fugarse-de-la-carcel-de-victoria-pero-fueron-frustrados-por-gendarmeria\/","title":{"rendered":"Internos intentaron fugarse de la c\u00e1rcel de Victoria pero fueron frustrados por Gendarmer\u00eda"},"content":{"rendered":"<p>En la c\u00e1rcel de Victoria, ubicada en La Araucan\u00eda, cuatro internos intentaron fugarse del recinto penal da\u00f1ando el techo de un dormitorio.<\/p>\n<p>Sin embargo, funcionarios de Gendarmer\u00eda detectaron la situaci\u00f3n gracias a antecedentes de inteligencia y fueron capaces de frustrar el intento de fuga.<\/p>\n<p>Los internos involucrados fueron trasladados a la c\u00e1rcel de Angol despu\u00e9s de incautarse armas blancas y tel\u00e9fonos celulares en su habitaci\u00f3n.<\/p>\n<p>La situaci\u00f3n resalta la sobrepoblaci\u00f3n en los penales de La Araucan\u00eda, con un 68% de los recintos superpoblados, especialmente en Temuco, Villarrica y Lautaro.<\/p>\n","protected":false},"excerpt":{"rendered":"<p>En la c\u00e1rcel de Victoria, ubicada en La Araucan\u00eda, cuatro internos intentaron fugarse del recinto penal da\u00f1ando el techo de un dormitorio. Sin embargo, funcionarios de Gendarmer\u00eda detectaron la situaci\u00f3n gracias a antecedentes de inteligencia y fueron capaces de frustrar el intento de fuga. Los internos involucrados fueron trasladados a la c\u00e1rcel de Angol despu\u00e9s [&hellip;]<\/p>\n","protected":false},"author":2,"featured_media":8835,"comment_status":"closed","ping_status":"open","sticky":false,"template":"","format":"standard","meta":{"_jetpack_memberships_contains_paid_content":false,"jnews-multi-image_gallery":[],"jnews_single_post":[],"jnews_primary_category":[],"jnews_social_meta":[],"jnews_paywall_metabox":[],"jnews_review":[],"enable_review":"","type":"","name":"","summary":"","brand":"","sku":"","good":[],"bad":[],"score_override":"","override_value":"","rating":[],"price":[],"jnews_override_counter":[],"jnews_post_split":[],"footnotes":""},"categories":[21],"tags":[],"class_list":["post-8836","post","type-post","status-publish","format-standard","has-post-thumbnail","hentry","category-nacional"],"jetpack_featured_media_url":"https:\/\/laserenaradio.cl\/web\/wp-content\/uploads\/2024\/12\/img_webpLacarcelAraucaniainternossituacionEnVictoriaubicadaChilecuatro_3.webp","jetpack_sharing_enabled":true,"_links":{"self":[{"href":"https:\/\/laserenaradio.cl\/web\/wp-json\/wp\/v2\/posts\/8836","targetHints":{"allow":["GET"]}}],"collection":[{"href":"https:\/\/laserenaradio.cl\/web\/wp-json\/wp\/v2\/posts"}],"about":[{"href":"https:\/\/laserenaradio.cl\/web\/wp-json\/wp\/v2\/types\/post"}],"author":[{"embeddable":true,"href":"https:\/\/laserenaradio.cl\/web\/wp-json\/wp\/v2\/users\/2"}],"replies":[{"embeddable":true,"href":"https:\/\/laserenaradio.cl\/web\/wp-json\/wp\/v2\/comments?post=8836"}],"version-history":[{"count":1,"href":"https:\/\/laserenaradio.cl\/web\/wp-json\/wp\/v2\/posts\/8836\/revisions"}],"predecessor-version":[{"id":8837,"href":"https:\/\/laserenaradio.cl\/web\/wp-json\/wp\/v2\/posts\/8836\/revisions\/8837"}],"wp:featuredmedia":[{"embeddable":true,"href":"https:\/\/laserenaradio.cl\/web\/wp-json\/wp\/v2\/media\/8835"}],"wp:attachment":[{"href":"https:\/\/laserenaradio.cl\/web\/wp-json\/wp\/v2\/media?parent=8836"}],"wp:term":[{"taxonomy":"category","embeddable":true,"href":"https:\/\/laserenaradio.cl\/web\/wp-json\/wp\/v2\/categories?post=8836"},{"taxonomy":"post_tag","embeddable":true,"href":"https:\/\/laserenaradio.cl\/web\/wp-json\/wp\/v2\/tags?post=8836"}],"curies":[{"name":"wp","href":"https:\/\/api.w.org\/{rel}","templated":true}]}}