{"id":8824,"date":"2024-12-16T14:47:17","date_gmt":"2024-12-16T17:47:17","guid":{"rendered":"https:\/\/laserenaradio.cl\/web\/?p=8824"},"modified":"2024-12-16T22:55:41","modified_gmt":"2024-12-17T01:55:41","slug":"la-policia-detiene-a-cuatro-personas-e-incauta-228-millones-de-pesos-en-droga-en-valdivia","status":"publish","type":"post","link":"https:\/\/laserenaradio.cl\/web\/2024\/12\/16\/la-policia-detiene-a-cuatro-personas-e-incauta-228-millones-de-pesos-en-droga-en-valdivia\/","title":{"rendered":"La Polic\u00eda detiene a cuatro personas e incauta 228 millones de pesos en droga en Valdivia"},"content":{"rendered":"<p>La Polic\u00eda de Investigaciones (PDI) detuvo a cuatro personas y incaut\u00f3 228 millones de pesos en droga en Valdivia, regi\u00f3n de Los R\u00edos.<\/p>\n<p>Se desmantelaron dos laboratorios clandestinos donde se abultaban las sustancias il\u00edcitas y se incautaron seis veh\u00edculos.<\/p>\n<p>La banda criminal ten\u00eda origen en Santiago y vend\u00eda clorhidrato de coca\u00edna, pasta base y ketamina en la regi\u00f3n.<\/p>\n<p>Los delincuentes compraban drogas en la regi\u00f3n Metropolitana y las abultaban en laboratorios clandestinos para venderlas con mayor valor.<\/p>\n<p>Se decomisaron adem\u00e1s un arma calibre 9 mil\u00edmetros y su munici\u00f3n.<\/p>\n<p>Los detenidos, todos chilenos mayores de edad, fueron puestos a disposici\u00f3n del Juzgado de Garant\u00eda de Valdivia.<\/p>\n<p>El Gobierno valor\u00f3 la investigaci\u00f3n y sus resultados como acciones concretas para combatir el tr\u00e1fico de drogas y el crimen organizado en la zona.<\/p>\n","protected":false},"excerpt":{"rendered":"<p>La Polic\u00eda de Investigaciones (PDI) detuvo a cuatro personas y incaut\u00f3 228 millones de pesos en droga en Valdivia, regi\u00f3n de Los R\u00edos. Se desmantelaron dos laboratorios clandestinos donde se abultaban las sustancias il\u00edcitas y se incautaron seis veh\u00edculos. La banda criminal ten\u00eda origen en Santiago y vend\u00eda clorhidrato de coca\u00edna, pasta base y ketamina [&hellip;]<\/p>\n","protected":false},"author":2,"featured_media":8823,"comment_status":"closed","ping_status":"open","sticky":false,"template":"","format":"standard","meta":{"_jetpack_memberships_contains_paid_content":false,"jnews-multi-image_gallery":[],"jnews_single_post":[],"jnews_primary_category":[],"jnews_social_meta":[],"jnews_paywall_metabox":[],"jnews_review":[],"enable_review":"","type":"","name":"","summary":"","brand":"","sku":"","good":[],"bad":[],"score_override":"","override_value":"","rating":[],"price":[],"jnews_override_counter":[],"jnews_post_split":[],"footnotes":""},"categories":[21],"tags":[],"class_list":["post-8824","post","type-post","status-publish","format-standard","has-post-thumbnail","hentry","category-nacional"],"jetpack_featured_media_url":"https:\/\/laserenaradio.cl\/web\/wp-content\/uploads\/2024\/12\/img_webpregionLosLaValdiviaSelaboratoriosclandestinosabultabandrogasPolicia_2.webp","jetpack_sharing_enabled":true,"_links":{"self":[{"href":"https:\/\/laserenaradio.cl\/web\/wp-json\/wp\/v2\/posts\/8824","targetHints":{"allow":["GET"]}}],"collection":[{"href":"https:\/\/laserenaradio.cl\/web\/wp-json\/wp\/v2\/posts"}],"about":[{"href":"https:\/\/laserenaradio.cl\/web\/wp-json\/wp\/v2\/types\/post"}],"author":[{"embeddable":true,"href":"https:\/\/laserenaradio.cl\/web\/wp-json\/wp\/v2\/users\/2"}],"replies":[{"embeddable":true,"href":"https:\/\/laserenaradio.cl\/web\/wp-json\/wp\/v2\/comments?post=8824"}],"version-history":[{"count":1,"href":"https:\/\/laserenaradio.cl\/web\/wp-json\/wp\/v2\/posts\/8824\/revisions"}],"predecessor-version":[{"id":8825,"href":"https:\/\/laserenaradio.cl\/web\/wp-json\/wp\/v2\/posts\/8824\/revisions\/8825"}],"wp:featuredmedia":[{"embeddable":true,"href":"https:\/\/laserenaradio.cl\/web\/wp-json\/wp\/v2\/media\/8823"}],"wp:attachment":[{"href":"https:\/\/laserenaradio.cl\/web\/wp-json\/wp\/v2\/media?parent=8824"}],"wp:term":[{"taxonomy":"category","embeddable":true,"href":"https:\/\/laserenaradio.cl\/web\/wp-json\/wp\/v2\/categories?post=8824"},{"taxonomy":"post_tag","embeddable":true,"href":"https:\/\/laserenaradio.cl\/web\/wp-json\/wp\/v2\/tags?post=8824"}],"curies":[{"name":"wp","href":"https:\/\/api.w.org\/{rel}","templated":true}]}}