{"id":8450,"date":"2024-12-10T15:36:22","date_gmt":"2024-12-10T18:36:22","guid":{"rendered":"https:\/\/laserenaradio.cl\/web\/?p=8450"},"modified":"2024-12-10T15:36:22","modified_gmt":"2024-12-10T18:36:22","slug":"el-ministro-jaime-gajardo-habla-sobre-la-investigacion-y-medidas-tras-un-hecho-inedito-de-decapitacion-en-una-carcel","status":"publish","type":"post","link":"https:\/\/laserenaradio.cl\/web\/2024\/12\/10\/el-ministro-jaime-gajardo-habla-sobre-la-investigacion-y-medidas-tras-un-hecho-inedito-de-decapitacion-en-una-carcel\/","title":{"rendered":"El ministro Jaime Gajardo habla sobre la investigaci\u00f3n y medidas tras un hecho in\u00e9dito de decapitaci\u00f3n en una c\u00e1rcel"},"content":{"rendered":"<p>El ministro de Justicia de Chile, Jaime Gajardo, se refiri\u00f3 a la situaci\u00f3n in\u00e9dita que ocurri\u00f3 en el Centro Penitenciario B\u00edo B\u00edo, en Concepci\u00f3n, donde un reo fue decapitado y su cabeza estaba escrita con sangre &#8220;666&#8221; en una celda.<\/p>\n<p>El ministro dijo que se est\u00e1n llevando a cabo medidas investigativas y administrativas para esclarecer los antecedentes del hecho.<\/p>\n<p>Entre las medidas anunciadas por el ministro figuran:<\/p>\n<p>*   Un sumario administrativo para esclarecer los antecedentes.<br \/>\n*   Refuerzo de turnos nocturnos en Gendarmer\u00eda para evitar situaciones similares.<br \/>\n*   Evaluaci\u00f3n continua de medidas adicionales para prevenir incidentes en centros penitenciarios.<\/p>\n<p>El ministro tambi\u00e9n respondi\u00f3 a cr\u00edticas sobre el control del Estado en los centros penitenciarios, afirmando que el Estado es el encargado de administrar estos establecimientos en Chile y no como en otros pa\u00edses de la regi\u00f3n donde los internos tienen m\u00e1s control.<\/p>\n","protected":false},"excerpt":{"rendered":"<p>El ministro de Justicia de Chile, Jaime Gajardo, se refiri\u00f3 a la situaci\u00f3n in\u00e9dita que ocurri\u00f3 en el Centro Penitenciario B\u00edo B\u00edo, en Concepci\u00f3n, donde un reo fue decapitado y su cabeza estaba escrita con sangre &#8220;666&#8221; en una celda. El ministro dijo que se est\u00e1n llevando a cabo medidas investigativas y administrativas para esclarecer [&hellip;]<\/p>\n","protected":false},"author":2,"featured_media":8449,"comment_status":"closed","ping_status":"open","sticky":false,"template":"","format":"standard","meta":{"_jetpack_memberships_contains_paid_content":false,"jnews-multi-image_gallery":[],"jnews_single_post":[],"jnews_primary_category":[],"jnews_social_meta":[],"jnews_paywall_metabox":[],"jnews_review":[],"enable_review":"","type":"","name":"","summary":"","brand":"","sku":"","good":[],"bad":[],"score_override":"","override_value":"","rating":[],"price":[],"jnews_override_counter":[],"jnews_post_split":[],"footnotes":""},"categories":[21,5],"tags":[],"class_list":["post-8450","post","type-post","status-publish","format-standard","has-post-thumbnail","hentry","category-nacional","category-ultimo-minuto"],"jetpack_featured_media_url":"https:\/\/laserenaradio.cl\/web\/wp-content\/uploads\/2024\/12\/img_webpministroElmedidasChileBioesclarecerantecedentescentrospenitenciarioscontrol_3.webp","jetpack_sharing_enabled":true,"_links":{"self":[{"href":"https:\/\/laserenaradio.cl\/web\/wp-json\/wp\/v2\/posts\/8450","targetHints":{"allow":["GET"]}}],"collection":[{"href":"https:\/\/laserenaradio.cl\/web\/wp-json\/wp\/v2\/posts"}],"about":[{"href":"https:\/\/laserenaradio.cl\/web\/wp-json\/wp\/v2\/types\/post"}],"author":[{"embeddable":true,"href":"https:\/\/laserenaradio.cl\/web\/wp-json\/wp\/v2\/users\/2"}],"replies":[{"embeddable":true,"href":"https:\/\/laserenaradio.cl\/web\/wp-json\/wp\/v2\/comments?post=8450"}],"version-history":[{"count":1,"href":"https:\/\/laserenaradio.cl\/web\/wp-json\/wp\/v2\/posts\/8450\/revisions"}],"predecessor-version":[{"id":8451,"href":"https:\/\/laserenaradio.cl\/web\/wp-json\/wp\/v2\/posts\/8450\/revisions\/8451"}],"wp:featuredmedia":[{"embeddable":true,"href":"https:\/\/laserenaradio.cl\/web\/wp-json\/wp\/v2\/media\/8449"}],"wp:attachment":[{"href":"https:\/\/laserenaradio.cl\/web\/wp-json\/wp\/v2\/media?parent=8450"}],"wp:term":[{"taxonomy":"category","embeddable":true,"href":"https:\/\/laserenaradio.cl\/web\/wp-json\/wp\/v2\/categories?post=8450"},{"taxonomy":"post_tag","embeddable":true,"href":"https:\/\/laserenaradio.cl\/web\/wp-json\/wp\/v2\/tags?post=8450"}],"curies":[{"name":"wp","href":"https:\/\/api.w.org\/{rel}","templated":true}]}}