{"id":8438,"date":"2024-12-09T22:30:37","date_gmt":"2024-12-10T01:30:37","guid":{"rendered":"https:\/\/laserenaradio.cl\/web\/?p=8438"},"modified":"2024-12-09T22:30:37","modified_gmt":"2024-12-10T01:30:37","slug":"el-fiscal-nacional-confirmo-25-investigaciones-administrativas-abiertas-contra-el-exsubsecretario-manuel-monsalve","status":"publish","type":"post","link":"https:\/\/laserenaradio.cl\/web\/2024\/12\/09\/el-fiscal-nacional-confirmo-25-investigaciones-administrativas-abiertas-contra-el-exsubsecretario-manuel-monsalve\/","title":{"rendered":"El fiscal nacional confirm\u00f3 25 investigaciones administrativas abiertas contra el exsubsecretario Manuel Monsalve"},"content":{"rendered":"<p>El fiscal nacional, \u00c1ngel Valencia, confirm\u00f3 que hay 25 investigaciones administrativas abiertas en el caso del exsubsecretario del Interior, Manuel Monsalve.<\/p>\n<p>Tambi\u00e9n mencion\u00f3 que el n\u00famero de investigaciones administrativas aument\u00f3 significativamente este a\u00f1o debido a un plan de auditor\u00eda m\u00e1s estricto.<\/p>\n<p>Aunque reconoci\u00f3 que no se tiene suficiente recurso para fortalecer la investigaci\u00f3n, asegur\u00f3 que seguir\u00e1n investigando estos asuntos disciplinariamente y administrativamente.<\/p>\n","protected":false},"excerpt":{"rendered":"<p>El fiscal nacional, \u00c1ngel Valencia, confirm\u00f3 que hay 25 investigaciones administrativas abiertas en el caso del exsubsecretario del Interior, Manuel Monsalve. Tambi\u00e9n mencion\u00f3 que el n\u00famero de investigaciones administrativas aument\u00f3 significativamente este a\u00f1o debido a un plan de auditor\u00eda m\u00e1s estricto. Aunque reconoci\u00f3 que no se tiene suficiente recurso para fortalecer la investigaci\u00f3n, asegur\u00f3 que [&hellip;]<\/p>\n","protected":false},"author":2,"featured_media":8437,"comment_status":"closed","ping_status":"open","sticky":false,"template":"","format":"standard","meta":{"_jetpack_memberships_contains_paid_content":false,"jnews-multi-image_gallery":[],"jnews_single_post":[],"jnews_primary_category":[],"jnews_social_meta":[],"jnews_paywall_metabox":[],"jnews_review":[],"enable_review":"","type":"","name":"","summary":"","brand":"","sku":"","good":[],"bad":[],"score_override":"","override_value":"","rating":[],"price":[],"jnews_override_counter":[],"jnews_post_split":[],"footnotes":""},"categories":[21,5],"tags":[],"class_list":["post-8438","post","type-post","status-publish","format-standard","has-post-thumbnail","hentry","category-nacional","category-ultimo-minuto"],"jetpack_featured_media_url":"https:\/\/laserenaradio.cl\/web\/wp-content\/uploads\/2024\/12\/img_webpinvestigacionesadministrativasElfiscalnacionalAngelValenciaconfirmo25abiertas_0.webp","jetpack_sharing_enabled":true,"_links":{"self":[{"href":"https:\/\/laserenaradio.cl\/web\/wp-json\/wp\/v2\/posts\/8438","targetHints":{"allow":["GET"]}}],"collection":[{"href":"https:\/\/laserenaradio.cl\/web\/wp-json\/wp\/v2\/posts"}],"about":[{"href":"https:\/\/laserenaradio.cl\/web\/wp-json\/wp\/v2\/types\/post"}],"author":[{"embeddable":true,"href":"https:\/\/laserenaradio.cl\/web\/wp-json\/wp\/v2\/users\/2"}],"replies":[{"embeddable":true,"href":"https:\/\/laserenaradio.cl\/web\/wp-json\/wp\/v2\/comments?post=8438"}],"version-history":[{"count":1,"href":"https:\/\/laserenaradio.cl\/web\/wp-json\/wp\/v2\/posts\/8438\/revisions"}],"predecessor-version":[{"id":8439,"href":"https:\/\/laserenaradio.cl\/web\/wp-json\/wp\/v2\/posts\/8438\/revisions\/8439"}],"wp:featuredmedia":[{"embeddable":true,"href":"https:\/\/laserenaradio.cl\/web\/wp-json\/wp\/v2\/media\/8437"}],"wp:attachment":[{"href":"https:\/\/laserenaradio.cl\/web\/wp-json\/wp\/v2\/media?parent=8438"}],"wp:term":[{"taxonomy":"category","embeddable":true,"href":"https:\/\/laserenaradio.cl\/web\/wp-json\/wp\/v2\/categories?post=8438"},{"taxonomy":"post_tag","embeddable":true,"href":"https:\/\/laserenaradio.cl\/web\/wp-json\/wp\/v2\/tags?post=8438"}],"curies":[{"name":"wp","href":"https:\/\/api.w.org\/{rel}","templated":true}]}}