{"id":8315,"date":"2024-12-05T22:36:40","date_gmt":"2024-12-06T01:36:40","guid":{"rendered":"https:\/\/laserenaradio.cl\/web\/?p=8315"},"modified":"2024-12-05T22:42:33","modified_gmt":"2024-12-06T01:42:33","slug":"alcalde-electo-sebastian-sichel-enfrenta-criticas-por-capturas-con-ia-que-mostraban-insultos-hacia-el-y-sus-hijos","status":"publish","type":"post","link":"https:\/\/laserenaradio.cl\/web\/2024\/12\/05\/alcalde-electo-sebastian-sichel-enfrenta-criticas-por-capturas-con-ia-que-mostraban-insultos-hacia-el-y-sus-hijos\/","title":{"rendered":"Alcalde electo Sebasti\u00e1n Sichel enfrenta cr\u00edticas por capturas con IA que mostraban insultos hacia \u00e9l y sus hijos"},"content":{"rendered":"\n<p>El alcalde electo de \u00d1u\u00f1oa, Sebasti\u00e1n Sichel, enfrent\u00f3 cr\u00edticas despu\u00e9s de ser acusado de crear capturas falsas con IA que mostraban mensajes insultantes hacia \u00e9l y su familia.<\/p>\n\n\n\n<!--more-->\n\n\n\n<p>Esto se debi\u00f3 a una discusi\u00f3n p\u00fablica sobre el cambio de nombre de la calle Rep\u00fablica de Israel.<\/p>\n\n\n\n<p>Sichel comparti\u00f3 im\u00e1genes originales para desmentir las cr\u00edticas, pero luego se descubri\u00f3 que hab\u00eda editado estas im\u00e1genes para proteger la identidad del usuario que lo atac\u00f3 virtualmente.<\/p>\n\n\n\n<p>Sichel afirm\u00f3 haber editado los mensajes para preparar una acci\u00f3n legal contra este usuario y comparti\u00f3 las capturas originales con un mensaje de IA en la parte inferior, lo que gener\u00f3 m\u00e1s controversia.<\/p>\n\n\n\n<figure class=\"wp-block-embed is-type-rich is-provider-twitter wp-block-embed-twitter\"><div class=\"wp-block-embed__wrapper\">\n<blockquote class=\"twitter-tweet\" data-width=\"500\" data-dnt=\"true\"><p lang=\"es\" dir=\"ltr\">Ayer habl\u00e9 de la decisi\u00f3n irracional del cambio de nombre de una calle; hoy despierto con amenazas en contra m\u00eda y de mis hijos.<br><br>La violencia debe parar. Contra la polarizaci\u00f3n, seguiremos promoviendo caminos de encuentro. Mi cari\u00f1o a las comunidades palestina y jud\u00eda. <a href=\"https:\/\/t.co\/dxMxPG9Ugg\">pic.twitter.com\/dxMxPG9Ugg<\/a><\/p>&mdash; Sebasti\u00e1n Sichel (@sebastiansichel) <a href=\"https:\/\/twitter.com\/sebastiansichel\/status\/1864630591607451873?ref_src=twsrc%5Etfw\">December 5, 2024<\/a><\/blockquote><script async src=\"https:\/\/platform.twitter.com\/widgets.js\" charset=\"utf-8\"><\/script>\n<\/div><\/figure>\n","protected":false},"excerpt":{"rendered":"<p>El alcalde electo de \u00d1u\u00f1oa, Sebasti\u00e1n Sichel, enfrent\u00f3 cr\u00edticas despu\u00e9s de ser acusado de crear capturas falsas con IA que mostraban mensajes insultantes hacia \u00e9l y su familia.<\/p>\n","protected":false},"author":2,"featured_media":8317,"comment_status":"closed","ping_status":"open","sticky":false,"template":"","format":"standard","meta":{"_jetpack_memberships_contains_paid_content":false,"jnews-multi-image_gallery":[],"jnews_single_post":{"format":"standard"},"jnews_primary_category":[],"jnews_social_meta":[],"jnews_paywall_metabox":[],"jnews_review":[],"enable_review":"","type":"","name":"","summary":"","brand":"","sku":"","good":[],"bad":[],"score_override":"","override_value":"","rating":[],"price":[],"jnews_override_counter":[],"jnews_post_split":[],"footnotes":""},"categories":[21],"tags":[],"class_list":["post-8315","post","type-post","status-publish","format-standard","has-post-thumbnail","hentry","category-nacional"],"jetpack_featured_media_url":"https:\/\/laserenaradio.cl\/web\/wp-content\/uploads\/2024\/12\/sebastian-sichel-05112024.webp","jetpack_sharing_enabled":true,"_links":{"self":[{"href":"https:\/\/laserenaradio.cl\/web\/wp-json\/wp\/v2\/posts\/8315","targetHints":{"allow":["GET"]}}],"collection":[{"href":"https:\/\/laserenaradio.cl\/web\/wp-json\/wp\/v2\/posts"}],"about":[{"href":"https:\/\/laserenaradio.cl\/web\/wp-json\/wp\/v2\/types\/post"}],"author":[{"embeddable":true,"href":"https:\/\/laserenaradio.cl\/web\/wp-json\/wp\/v2\/users\/2"}],"replies":[{"embeddable":true,"href":"https:\/\/laserenaradio.cl\/web\/wp-json\/wp\/v2\/comments?post=8315"}],"version-history":[{"count":3,"href":"https:\/\/laserenaradio.cl\/web\/wp-json\/wp\/v2\/posts\/8315\/revisions"}],"predecessor-version":[{"id":8319,"href":"https:\/\/laserenaradio.cl\/web\/wp-json\/wp\/v2\/posts\/8315\/revisions\/8319"}],"wp:featuredmedia":[{"embeddable":true,"href":"https:\/\/laserenaradio.cl\/web\/wp-json\/wp\/v2\/media\/8317"}],"wp:attachment":[{"href":"https:\/\/laserenaradio.cl\/web\/wp-json\/wp\/v2\/media?parent=8315"}],"wp:term":[{"taxonomy":"category","embeddable":true,"href":"https:\/\/laserenaradio.cl\/web\/wp-json\/wp\/v2\/categories?post=8315"},{"taxonomy":"post_tag","embeddable":true,"href":"https:\/\/laserenaradio.cl\/web\/wp-json\/wp\/v2\/tags?post=8315"}],"curies":[{"name":"wp","href":"https:\/\/api.w.org\/{rel}","templated":true}]}}