{"id":8288,"date":"2024-12-04T23:36:36","date_gmt":"2024-12-05T02:36:36","guid":{"rendered":"https:\/\/laserenaradio.cl\/web\/?p=8288"},"modified":"2024-12-04T23:36:36","modified_gmt":"2024-12-05T02:36:36","slug":"una-madre-denuncia-bullying-contra-su-hijo-en-una-escuela-publica-de-santiago","status":"publish","type":"post","link":"https:\/\/laserenaradio.cl\/web\/2024\/12\/04\/una-madre-denuncia-bullying-contra-su-hijo-en-una-escuela-publica-de-santiago\/","title":{"rendered":"Una madre denuncia bullying contra su hijo en una escuela p\u00fablica de Santiago"},"content":{"rendered":"<p>Una madre denunci\u00f3 que su hijo de 10 a\u00f1os, que tiene condici\u00f3n TEA (Trastorno del Espectro Autista), fue v\u00edctima de bullying en una escuela b\u00e1sica de Santiago.<\/p>\n<p>El episodio ocurri\u00f3 el 14 de octubre pasado y consisti\u00f3 en dos compa\u00f1eros de clase empujar a su hijo contra un fierro, lo que caus\u00f3 heridas graves en la vejiga y el intestino del ni\u00f1o.<\/p>\n<p>La escuela inicialmente llam\u00f3 al incidente &#8220;accidente escolar&#8221;, pero luego abri\u00f3 un sumario administrativo y present\u00f3 una autodenuncia ante la Superintendencia de Educaci\u00f3n.<\/p>\n<p>La madre denunci\u00f3 que su hijo sufri\u00f3 bullying en varias ocasiones, incluyendo que le hac\u00edan burlas por usar lentes y tener condici\u00f3n TEA.<\/p>\n<p>La escuela respondi\u00f3 afirmando que el incidente no fue un acto intencional de bullying, pero s\u00ed confirmaron que se hab\u00edan gestionado oportunamente los episodios mencionados por la madre.<\/p>\n<p>La investigaci\u00f3n ha sido derivada a la Fiscal\u00eda Metropolitana Centro Norte y el ni\u00f1o est\u00e1 en recuperaci\u00f3n con controles y tratamiento en la unidad de Urolog\u00eda Pedi\u00e1trica del Hospital San Borja.<\/p>\n<p>La escuela asegur\u00f3 que se est\u00e1 brindando apoyo al estudiante afectado y a su familia, y que ambos estudiantes involucrados fueron derivados a la Oficina de la Ni\u00f1ez para recibir acompa\u00f1amiento especializado..<\/p>\n","protected":false},"excerpt":{"rendered":"<p>Una madre denunci\u00f3 que su hijo de 10 a\u00f1os, que tiene condici\u00f3n TEA (Trastorno del Espectro Autista), fue v\u00edctima de bullying en una escuela b\u00e1sica de Santiago. El episodio ocurri\u00f3 el 14 de octubre pasado y consisti\u00f3 en dos compa\u00f1eros de clase empujar a su hijo contra un fierro, lo que caus\u00f3 heridas graves en [&hellip;]<\/p>\n","protected":false},"author":2,"featured_media":8287,"comment_status":"closed","ping_status":"open","sticky":false,"template":"","format":"standard","meta":{"_jetpack_memberships_contains_paid_content":false,"jnews-multi-image_gallery":[],"jnews_single_post":[],"jnews_primary_category":[],"jnews_social_meta":[],"jnews_paywall_metabox":[],"jnews_review":[],"enable_review":"","type":"","name":"","summary":"","brand":"","sku":"","good":[],"bad":[],"score_override":"","override_value":"","rating":[],"price":[],"jnews_override_counter":[],"jnews_post_split":[],"footnotes":""},"categories":[21,5],"tags":[],"class_list":["post-8288","post","type-post","status-publish","format-standard","has-post-thumbnail","hentry","category-nacional","category-ultimo-minuto"],"jetpack_featured_media_url":"https:\/\/laserenaradio.cl\/web\/wp-content\/uploads\/2024\/12\/img_webpLaescuelamadrehijobullyingdenunciocondicionTEAninoincidente_1.webp","jetpack_sharing_enabled":true,"_links":{"self":[{"href":"https:\/\/laserenaradio.cl\/web\/wp-json\/wp\/v2\/posts\/8288","targetHints":{"allow":["GET"]}}],"collection":[{"href":"https:\/\/laserenaradio.cl\/web\/wp-json\/wp\/v2\/posts"}],"about":[{"href":"https:\/\/laserenaradio.cl\/web\/wp-json\/wp\/v2\/types\/post"}],"author":[{"embeddable":true,"href":"https:\/\/laserenaradio.cl\/web\/wp-json\/wp\/v2\/users\/2"}],"replies":[{"embeddable":true,"href":"https:\/\/laserenaradio.cl\/web\/wp-json\/wp\/v2\/comments?post=8288"}],"version-history":[{"count":1,"href":"https:\/\/laserenaradio.cl\/web\/wp-json\/wp\/v2\/posts\/8288\/revisions"}],"predecessor-version":[{"id":8289,"href":"https:\/\/laserenaradio.cl\/web\/wp-json\/wp\/v2\/posts\/8288\/revisions\/8289"}],"wp:featuredmedia":[{"embeddable":true,"href":"https:\/\/laserenaradio.cl\/web\/wp-json\/wp\/v2\/media\/8287"}],"wp:attachment":[{"href":"https:\/\/laserenaradio.cl\/web\/wp-json\/wp\/v2\/media?parent=8288"}],"wp:term":[{"taxonomy":"category","embeddable":true,"href":"https:\/\/laserenaradio.cl\/web\/wp-json\/wp\/v2\/categories?post=8288"},{"taxonomy":"post_tag","embeddable":true,"href":"https:\/\/laserenaradio.cl\/web\/wp-json\/wp\/v2\/tags?post=8288"}],"curies":[{"name":"wp","href":"https:\/\/api.w.org\/{rel}","templated":true}]}}