{"id":8189,"date":"2024-12-01T20:46:48","date_gmt":"2024-12-01T23:46:48","guid":{"rendered":"https:\/\/laserenaradio.cl\/web\/?p=8189"},"modified":"2024-12-01T20:46:48","modified_gmt":"2024-12-01T23:46:48","slug":"la-viuda-de-sebastian-pinera-recuerda-a-su-esposo-en-un-acto-familiar-por-su-75-cumpleanos","status":"publish","type":"post","link":"https:\/\/laserenaradio.cl\/web\/2024\/12\/01\/la-viuda-de-sebastian-pinera-recuerda-a-su-esposo-en-un-acto-familiar-por-su-75-cumpleanos\/","title":{"rendered":"La viuda de Sebasti\u00e1n Pi\u00f1era recuerda a su esposo en un acto familiar por su 75 cumplea\u00f1os"},"content":{"rendered":"<p>La viuda de Sebasti\u00e1n Pi\u00f1era, Cecilia Morel, organiz\u00f3 un acto familiar en el Cementerio Parque del Recuerdo de Huechuraba para conmemorar su cumplea\u00f1os.<\/p>\n<p>Aunque Pi\u00f1era habr\u00eda cumplido 75 a\u00f1os el 1 de diciembre, falleci\u00f3 en un accidente de helic\u00f3ptero el 6 de febrero.<\/p>\n<p>En la ocasi\u00f3n, Cecilia Morel destac\u00f3 los talentos y virtudes de su esposo, describi\u00e9ndolo como &#8220;un hombre bueno&#8221; y &#8220;noble&#8221;.<\/p>\n<p>Su hija Magdalena Pi\u00f1era Morel tambi\u00e9n homenaje\u00f3 a su padre en Instagram con un video y emotivas palabras, recordando la felicidad que tuvo al tenerlo en su vida.<\/p>\n","protected":false},"excerpt":{"rendered":"<p>La viuda de Sebasti\u00e1n Pi\u00f1era, Cecilia Morel, organiz\u00f3 un acto familiar en el Cementerio Parque del Recuerdo de Huechuraba para conmemorar su cumplea\u00f1os. Aunque Pi\u00f1era habr\u00eda cumplido 75 a\u00f1os el 1 de diciembre, falleci\u00f3 en un accidente de helic\u00f3ptero el 6 de febrero. En la ocasi\u00f3n, Cecilia Morel destac\u00f3 los talentos y virtudes de su [&hellip;]<\/p>\n","protected":false},"author":2,"featured_media":8188,"comment_status":"closed","ping_status":"open","sticky":false,"template":"","format":"standard","meta":{"_jetpack_memberships_contains_paid_content":false,"jnews-multi-image_gallery":[],"jnews_single_post":[],"jnews_primary_category":[],"jnews_social_meta":[],"jnews_paywall_metabox":[],"jnews_review":[],"enable_review":"","type":"","name":"","summary":"","brand":"","sku":"","good":[],"bad":[],"score_override":"","override_value":"","rating":[],"price":[],"jnews_override_counter":[],"jnews_post_split":[],"footnotes":""},"categories":[21,5],"tags":[],"class_list":["post-8189","post","type-post","status-publish","format-standard","has-post-thumbnail","hentry","category-nacional","category-ultimo-minuto"],"jetpack_featured_media_url":"https:\/\/laserenaradio.cl\/web\/wp-content\/uploads\/2024\/12\/img_webpPineraMorelCeciliaLaviudaSebastianorganizoactofamiliarCementerio_1.webp","jetpack_sharing_enabled":true,"_links":{"self":[{"href":"https:\/\/laserenaradio.cl\/web\/wp-json\/wp\/v2\/posts\/8189","targetHints":{"allow":["GET"]}}],"collection":[{"href":"https:\/\/laserenaradio.cl\/web\/wp-json\/wp\/v2\/posts"}],"about":[{"href":"https:\/\/laserenaradio.cl\/web\/wp-json\/wp\/v2\/types\/post"}],"author":[{"embeddable":true,"href":"https:\/\/laserenaradio.cl\/web\/wp-json\/wp\/v2\/users\/2"}],"replies":[{"embeddable":true,"href":"https:\/\/laserenaradio.cl\/web\/wp-json\/wp\/v2\/comments?post=8189"}],"version-history":[{"count":1,"href":"https:\/\/laserenaradio.cl\/web\/wp-json\/wp\/v2\/posts\/8189\/revisions"}],"predecessor-version":[{"id":8190,"href":"https:\/\/laserenaradio.cl\/web\/wp-json\/wp\/v2\/posts\/8189\/revisions\/8190"}],"wp:featuredmedia":[{"embeddable":true,"href":"https:\/\/laserenaradio.cl\/web\/wp-json\/wp\/v2\/media\/8188"}],"wp:attachment":[{"href":"https:\/\/laserenaradio.cl\/web\/wp-json\/wp\/v2\/media?parent=8189"}],"wp:term":[{"taxonomy":"category","embeddable":true,"href":"https:\/\/laserenaradio.cl\/web\/wp-json\/wp\/v2\/categories?post=8189"},{"taxonomy":"post_tag","embeddable":true,"href":"https:\/\/laserenaradio.cl\/web\/wp-json\/wp\/v2\/tags?post=8189"}],"curies":[{"name":"wp","href":"https:\/\/api.w.org\/{rel}","templated":true}]}}