{"id":8151,"date":"2024-11-30T20:36:21","date_gmt":"2024-11-30T23:36:21","guid":{"rendered":"https:\/\/laserenaradio.cl\/web\/?p=8151"},"modified":"2024-11-30T20:36:21","modified_gmt":"2024-11-30T23:36:21","slug":"excoronel-del-ejercito-detenido-por-crimen-cometido-en-chile-durante-dictadura-de-pinochet","status":"publish","type":"post","link":"https:\/\/laserenaradio.cl\/web\/2024\/11\/30\/excoronel-del-ejercito-detenido-por-crimen-cometido-en-chile-durante-dictadura-de-pinochet\/","title":{"rendered":"Excoronel del Ej\u00e9rcito detenido por crimen cometido en Chile durante dictadura de Pinochet."},"content":{"rendered":"<p>Guillermo Salinas Torres, un ex coronel del Ej\u00e9rcito chileno y exagente de la DINA (la polic\u00eda secreta de la dictadura de Augusto Pinochet), fue detenido el viernes despu\u00e9s de m\u00e1s de un a\u00f1o en libertad.<\/p>\n<p>Fue condenado a 15 a\u00f1os y un d\u00eda de prisi\u00f3n en 2023 por su participaci\u00f3n en el asesinato del economista y diplom\u00e1tico espa\u00f1ol Carmelo Soria en julio de 1976.<\/p>\n<p>La investigaci\u00f3n tambi\u00e9n involucr\u00f3 al juez espa\u00f1ol Baltasar Garz\u00f3n, quien hab\u00eda logrado la detenci\u00f3n de Pinochet en Londres en 1998.<\/p>\n<p>Salinas Torres es miembro de la Brigada Mulch\u00e9n de la DINA y tambi\u00e9n est\u00e1 procesado por el asesinato de Santiago Renato Le\u00f3n en 1976.<\/p>\n<p>Otros involucrados en el caso Soria fueron condenados a penas de prisi\u00f3n, pero algunos exoficiales del Ej\u00e9rcito permanecen pr\u00f3fugos.<\/p>\n<p>La dictadura de Pinochet dej\u00f3 un legado de violencia, con al menos 3.200 personas asesinadas y 1.469 v\u00edctimas de desaparici\u00f3n forzada.<\/p>\n<p>Aunque se han identificado los restos de 307 personas, a\u00fan faltan encontrar a 1.162..<\/p>\n","protected":false},"excerpt":{"rendered":"<p>Guillermo Salinas Torres, un ex coronel del Ej\u00e9rcito chileno y exagente de la DINA (la polic\u00eda secreta de la dictadura de Augusto Pinochet), fue detenido el viernes despu\u00e9s de m\u00e1s de un a\u00f1o en libertad. Fue condenado a 15 a\u00f1os y un d\u00eda de prisi\u00f3n en 2023 por su participaci\u00f3n en el asesinato del economista [&hellip;]<\/p>\n","protected":false},"author":2,"featured_media":8150,"comment_status":"closed","ping_status":"open","sticky":false,"template":"","format":"standard","meta":{"_jetpack_memberships_contains_paid_content":false,"jnews-multi-image_gallery":[],"jnews_single_post":[],"jnews_primary_category":[],"jnews_social_meta":[],"jnews_paywall_metabox":[],"jnews_review":[],"enable_review":"","type":"","name":"","summary":"","brand":"","sku":"","good":[],"bad":[],"score_override":"","override_value":"","rating":[],"price":[],"jnews_override_counter":[],"jnews_post_split":[],"footnotes":""},"categories":[21,5],"tags":[],"class_list":["post-8151","post","type-post","status-publish","format-standard","has-post-thumbnail","hentry","category-nacional","category-ultimo-minuto"],"jetpack_featured_media_url":"https:\/\/laserenaradio.cl\/web\/wp-content\/uploads\/2024\/11\/img_webpPinochetSalinasTorresEjercitoDINAdictaduraprisionasesinatoespanolSoria_3.webp","jetpack_sharing_enabled":true,"_links":{"self":[{"href":"https:\/\/laserenaradio.cl\/web\/wp-json\/wp\/v2\/posts\/8151","targetHints":{"allow":["GET"]}}],"collection":[{"href":"https:\/\/laserenaradio.cl\/web\/wp-json\/wp\/v2\/posts"}],"about":[{"href":"https:\/\/laserenaradio.cl\/web\/wp-json\/wp\/v2\/types\/post"}],"author":[{"embeddable":true,"href":"https:\/\/laserenaradio.cl\/web\/wp-json\/wp\/v2\/users\/2"}],"replies":[{"embeddable":true,"href":"https:\/\/laserenaradio.cl\/web\/wp-json\/wp\/v2\/comments?post=8151"}],"version-history":[{"count":1,"href":"https:\/\/laserenaradio.cl\/web\/wp-json\/wp\/v2\/posts\/8151\/revisions"}],"predecessor-version":[{"id":8152,"href":"https:\/\/laserenaradio.cl\/web\/wp-json\/wp\/v2\/posts\/8151\/revisions\/8152"}],"wp:featuredmedia":[{"embeddable":true,"href":"https:\/\/laserenaradio.cl\/web\/wp-json\/wp\/v2\/media\/8150"}],"wp:attachment":[{"href":"https:\/\/laserenaradio.cl\/web\/wp-json\/wp\/v2\/media?parent=8151"}],"wp:term":[{"taxonomy":"category","embeddable":true,"href":"https:\/\/laserenaradio.cl\/web\/wp-json\/wp\/v2\/categories?post=8151"},{"taxonomy":"post_tag","embeddable":true,"href":"https:\/\/laserenaradio.cl\/web\/wp-json\/wp\/v2\/tags?post=8151"}],"curies":[{"name":"wp","href":"https:\/\/api.w.org\/{rel}","templated":true}]}}