{"id":7867,"date":"2024-11-28T23:40:47","date_gmt":"2024-11-29T02:40:47","guid":{"rendered":"https:\/\/laserenaradio.cl\/web\/?p=7867"},"modified":"2024-11-28T23:40:47","modified_gmt":"2024-11-29T02:40:47","slug":"la-fiscalia-de-magallanes-investiga-si-el-presidente-gabriel-boric-accedio-ilegalmente-a-antecedentes-de-un-caso-de-acoso-sexual","status":"publish","type":"post","link":"https:\/\/laserenaradio.cl\/web\/2024\/11\/28\/la-fiscalia-de-magallanes-investiga-si-el-presidente-gabriel-boric-accedio-ilegalmente-a-antecedentes-de-un-caso-de-acoso-sexual\/","title":{"rendered":"La Fiscal\u00eda de Magallanes investiga si el presidente Gabriel Boric accedi\u00f3 ilegalmente a antecedentes de un caso de acoso sexual."},"content":{"rendered":"<p>La Fiscal\u00eda Regional de Magallanes ha abierto una investigaci\u00f3n penal por posible acceso indebido a informaci\u00f3n sobre un caso de acoso sexual contra Gabriel Boric, el presidente de Chile.<\/p>\n<p>El subsecretario del Interior, Luis Cordero, sostuvo que Boric hab\u00eda dado instrucciones a sus abogados para seguir la causa y que estos hab\u00edan realizado las consultas necesarias a trav\u00e9s de canales legales y privados, como una plataforma dedicada para profesionales del derecho.<\/p>\n<p>Cordero afirm\u00f3 que el gobierno no se pronunciar\u00e1 sobre posibles discrepancias t\u00e9cnicas entre fiscales o exfiscales con los abogados del presidente, pero reiter\u00f3 que estos hab\u00edan explicado detalladamente la forma en que realizaron las consultas y que esto era una gesti\u00f3n legal..<\/p>\n","protected":false},"excerpt":{"rendered":"<p>La Fiscal\u00eda Regional de Magallanes ha abierto una investigaci\u00f3n penal por posible acceso indebido a informaci\u00f3n sobre un caso de acoso sexual contra Gabriel Boric, el presidente de Chile. El subsecretario del Interior, Luis Cordero, sostuvo que Boric hab\u00eda dado instrucciones a sus abogados para seguir la causa y que estos hab\u00edan realizado las consultas [&hellip;]<\/p>\n","protected":false},"author":2,"featured_media":7866,"comment_status":"closed","ping_status":"open","sticky":false,"template":"","format":"standard","meta":{"_jetpack_memberships_contains_paid_content":false,"jnews-multi-image_gallery":[],"jnews_single_post":[],"jnews_primary_category":[],"jnews_social_meta":[],"jnews_paywall_metabox":[],"jnews_review":[],"enable_review":"","type":"","name":"","summary":"","brand":"","sku":"","good":[],"bad":[],"score_override":"","override_value":"","rating":[],"price":[],"jnews_override_counter":[],"jnews_post_split":[],"footnotes":""},"categories":[21,5],"tags":[],"class_list":["post-7867","post","type-post","status-publish","format-standard","has-post-thumbnail","hentry","category-nacional","category-ultimo-minuto"],"jetpack_featured_media_url":"https:\/\/laserenaradio.cl\/web\/wp-content\/uploads\/2024\/11\/img_webpBoricpresidenteCorderoabogadosconsultasLaFiscaliaRegionalMagallanesabierto_2.webp","jetpack_sharing_enabled":true,"_links":{"self":[{"href":"https:\/\/laserenaradio.cl\/web\/wp-json\/wp\/v2\/posts\/7867","targetHints":{"allow":["GET"]}}],"collection":[{"href":"https:\/\/laserenaradio.cl\/web\/wp-json\/wp\/v2\/posts"}],"about":[{"href":"https:\/\/laserenaradio.cl\/web\/wp-json\/wp\/v2\/types\/post"}],"author":[{"embeddable":true,"href":"https:\/\/laserenaradio.cl\/web\/wp-json\/wp\/v2\/users\/2"}],"replies":[{"embeddable":true,"href":"https:\/\/laserenaradio.cl\/web\/wp-json\/wp\/v2\/comments?post=7867"}],"version-history":[{"count":1,"href":"https:\/\/laserenaradio.cl\/web\/wp-json\/wp\/v2\/posts\/7867\/revisions"}],"predecessor-version":[{"id":7868,"href":"https:\/\/laserenaradio.cl\/web\/wp-json\/wp\/v2\/posts\/7867\/revisions\/7868"}],"wp:featuredmedia":[{"embeddable":true,"href":"https:\/\/laserenaradio.cl\/web\/wp-json\/wp\/v2\/media\/7866"}],"wp:attachment":[{"href":"https:\/\/laserenaradio.cl\/web\/wp-json\/wp\/v2\/media?parent=7867"}],"wp:term":[{"taxonomy":"category","embeddable":true,"href":"https:\/\/laserenaradio.cl\/web\/wp-json\/wp\/v2\/categories?post=7867"},{"taxonomy":"post_tag","embeddable":true,"href":"https:\/\/laserenaradio.cl\/web\/wp-json\/wp\/v2\/tags?post=7867"}],"curies":[{"name":"wp","href":"https:\/\/api.w.org\/{rel}","templated":true}]}}