{"id":6810,"date":"2024-09-13T08:13:59","date_gmt":"2024-09-13T11:13:59","guid":{"rendered":"https:\/\/laserenaradio.cl\/web\/?p=6810"},"modified":"2024-09-13T08:13:59","modified_gmt":"2024-09-13T11:13:59","slug":"corte-de-suministro-electrico-afecta-a-1398-clientes-en-combarbala-3","status":"publish","type":"post","link":"https:\/\/laserenaradio.cl\/web\/2024\/09\/13\/corte-de-suministro-electrico-afecta-a-1398-clientes-en-combarbala-3\/","title":{"rendered":"Corte de suministro el\u00e9ctrico afecta a 1398 clientes en Combarbal\u00e1"},"content":{"rendered":"<p><strong>La informaci\u00f3n fue publicada por la empresa el\u00e9ctrica CGE.<\/strong><!--more--><\/p>\n<p>Desde la empresa el\u00e9ctrica <a href=\"https:\/\/www.cge.cl\/\" rel=\"nofollow\">CGE<\/a>, indican que un corte de suministro afecta a 1398 clientes en la comuna de <strong>Combarbal\u00e1<\/strong>.<\/p>\n<p>Nuestro sistema autom\u00e1tico informa que el sector afectado por el corte de suministro corresponde a <strong>Combarbal\u00e1, Provincia de Limar\u00ed, Regi\u00f3n de Coquimbo, Chile<\/strong>.<\/p>\n<h2>Causa de la alteraci\u00f3n de suministro<\/h2>\n<p>Desde la empresa el\u00e9ctrica indican que la falla se encuentra en <strong>investigaci\u00f3n<\/strong>.<\/p>\n<h3>Hora estimada de restablecimiento del servicio<\/h3>\n<p>Clientes afectados: 1398 Restauraci\u00f3n estimada: 13\/09\/2024 14:30 hrs<\/p>\n","protected":false},"excerpt":{"rendered":"<p>La informaci\u00f3n fue publicada por la empresa el\u00e9ctrica CGE.<\/p>\n","protected":false},"author":2,"featured_media":6809,"comment_status":"closed","ping_status":"open","sticky":false,"template":"","format":"standard","meta":{"_jetpack_memberships_contains_paid_content":false,"jnews-multi-image_gallery":[],"jnews_single_post":[],"jnews_primary_category":[],"jnews_social_meta":[],"jnews_paywall_metabox":[],"jnews_review":[],"enable_review":"","type":"","name":"","summary":"","brand":"","sku":"","good":[],"bad":[],"score_override":"","override_value":"","rating":[],"price":[],"jnews_override_counter":[],"jnews_post_split":[],"footnotes":""},"categories":[7,5],"tags":[],"class_list":["post-6810","post","type-post","status-publish","format-standard","has-post-thumbnail","hentry","category-cge","category-ultimo-minuto"],"jetpack_featured_media_url":"https:\/\/laserenaradio.cl\/web\/wp-content\/uploads\/2024\/09\/cge-37.webp","jetpack_sharing_enabled":true,"_links":{"self":[{"href":"https:\/\/laserenaradio.cl\/web\/wp-json\/wp\/v2\/posts\/6810","targetHints":{"allow":["GET"]}}],"collection":[{"href":"https:\/\/laserenaradio.cl\/web\/wp-json\/wp\/v2\/posts"}],"about":[{"href":"https:\/\/laserenaradio.cl\/web\/wp-json\/wp\/v2\/types\/post"}],"author":[{"embeddable":true,"href":"https:\/\/laserenaradio.cl\/web\/wp-json\/wp\/v2\/users\/2"}],"replies":[{"embeddable":true,"href":"https:\/\/laserenaradio.cl\/web\/wp-json\/wp\/v2\/comments?post=6810"}],"version-history":[{"count":1,"href":"https:\/\/laserenaradio.cl\/web\/wp-json\/wp\/v2\/posts\/6810\/revisions"}],"predecessor-version":[{"id":6811,"href":"https:\/\/laserenaradio.cl\/web\/wp-json\/wp\/v2\/posts\/6810\/revisions\/6811"}],"wp:featuredmedia":[{"embeddable":true,"href":"https:\/\/laserenaradio.cl\/web\/wp-json\/wp\/v2\/media\/6809"}],"wp:attachment":[{"href":"https:\/\/laserenaradio.cl\/web\/wp-json\/wp\/v2\/media?parent=6810"}],"wp:term":[{"taxonomy":"category","embeddable":true,"href":"https:\/\/laserenaradio.cl\/web\/wp-json\/wp\/v2\/categories?post=6810"},{"taxonomy":"post_tag","embeddable":true,"href":"https:\/\/laserenaradio.cl\/web\/wp-json\/wp\/v2\/tags?post=6810"}],"curies":[{"name":"wp","href":"https:\/\/api.w.org\/{rel}","templated":true}]}}