{"id":4127,"date":"2024-04-22T19:10:42","date_gmt":"2024-04-22T22:10:42","guid":{"rendered":"https:\/\/laserenaradio.cl\/web\/?p=4127"},"modified":"2024-04-22T19:10:42","modified_gmt":"2024-04-22T22:10:42","slug":"corte-de-suministro-electrico-afecta-a-622-clientes-en-freirina","status":"publish","type":"post","link":"https:\/\/laserenaradio.cl\/web\/2024\/04\/22\/corte-de-suministro-electrico-afecta-a-622-clientes-en-freirina\/","title":{"rendered":"Corte de suministro el\u00e9ctrico afecta a 622 clientes en Freirina"},"content":{"rendered":"<p><strong>La informaci\u00f3n fue publicada por la empresa el\u00e9ctrica CGE.<\/strong><!--more--><\/p>\n<p>Desde la empresa el\u00e9ctrica <a href=\"https:\/\/www.cge.cl\/\" rel=\"nofollow\">CGE<\/a>, indican que un corte de suministro afecta a 622 clientes en la comuna de <strong>Freirina<\/strong>.<\/p>\n<p>Nuestro sistema autom\u00e1tico informa que el sector afectado por el corte de suministro corresponde a <strong>Freirina, Provincia de Huasco, Regi\u00f3n de Atacama, Chile<\/strong>.<\/p>\n<h2>Causa de la alteraci\u00f3n de suministro<\/h2>\n<p>Desde la empresa el\u00e9ctrica indican que la falla se encuentra en <strong>investigaci\u00f3n<\/strong>.<\/p>\n<h3>Hora estimada de restablecimiento del servicio<\/h3>\n<p>Clientes afectados: 622 Restauraci\u00f3n estimada: 22\/04\/2024 22:00 hrs<\/p>\n","protected":false},"excerpt":{"rendered":"<p>La informaci\u00f3n fue publicada por la empresa el\u00e9ctrica CGE.<\/p>\n","protected":false},"author":2,"featured_media":4126,"comment_status":"closed","ping_status":"open","sticky":false,"template":"","format":"standard","meta":{"_jetpack_memberships_contains_paid_content":false,"jnews-multi-image_gallery":[],"jnews_single_post":[],"jnews_primary_category":[],"jnews_social_meta":[],"jnews_paywall_metabox":[],"jnews_review":[],"enable_review":"","type":"","name":"","summary":"","brand":"","sku":"","good":[],"bad":[],"score_override":"","override_value":"","rating":[],"price":[],"jnews_override_counter":[],"jnews_post_split":[],"footnotes":""},"categories":[7,5],"tags":[],"class_list":["post-4127","post","type-post","status-publish","format-standard","has-post-thumbnail","hentry","category-cge","category-ultimo-minuto"],"jetpack_featured_media_url":"https:\/\/laserenaradio.cl\/web\/wp-content\/uploads\/2024\/04\/cge-79.webp","jetpack_sharing_enabled":true,"_links":{"self":[{"href":"https:\/\/laserenaradio.cl\/web\/wp-json\/wp\/v2\/posts\/4127","targetHints":{"allow":["GET"]}}],"collection":[{"href":"https:\/\/laserenaradio.cl\/web\/wp-json\/wp\/v2\/posts"}],"about":[{"href":"https:\/\/laserenaradio.cl\/web\/wp-json\/wp\/v2\/types\/post"}],"author":[{"embeddable":true,"href":"https:\/\/laserenaradio.cl\/web\/wp-json\/wp\/v2\/users\/2"}],"replies":[{"embeddable":true,"href":"https:\/\/laserenaradio.cl\/web\/wp-json\/wp\/v2\/comments?post=4127"}],"version-history":[{"count":1,"href":"https:\/\/laserenaradio.cl\/web\/wp-json\/wp\/v2\/posts\/4127\/revisions"}],"predecessor-version":[{"id":4128,"href":"https:\/\/laserenaradio.cl\/web\/wp-json\/wp\/v2\/posts\/4127\/revisions\/4128"}],"wp:featuredmedia":[{"embeddable":true,"href":"https:\/\/laserenaradio.cl\/web\/wp-json\/wp\/v2\/media\/4126"}],"wp:attachment":[{"href":"https:\/\/laserenaradio.cl\/web\/wp-json\/wp\/v2\/media?parent=4127"}],"wp:term":[{"taxonomy":"category","embeddable":true,"href":"https:\/\/laserenaradio.cl\/web\/wp-json\/wp\/v2\/categories?post=4127"},{"taxonomy":"post_tag","embeddable":true,"href":"https:\/\/laserenaradio.cl\/web\/wp-json\/wp\/v2\/tags?post=4127"}],"curies":[{"name":"wp","href":"https:\/\/api.w.org\/{rel}","templated":true}]}}