{"id":29758,"date":"2026-09-06T16:37:41","date_gmt":"2026-09-06T19:37:41","guid":{"rendered":"https:\/\/laserenaradio.cl\/web\/?p=29758"},"modified":"2026-09-06T16:37:41","modified_gmt":"2026-09-06T19:37:41","slug":"balacera-en-la-serena-deja-un-fallecido-y-dos-heridos-graves-investigan-las-autoridades","status":"publish","type":"post","link":"https:\/\/laserenaradio.cl\/web\/2026\/09\/06\/balacera-en-la-serena-deja-un-fallecido-y-dos-heridos-graves-investigan-las-autoridades\/","title":{"rendered":"Balacera en La Serena deja un fallecido y dos heridos graves; investigan las autoridades"},"content":{"rendered":"<p>Una persona muri\u00f3 y otras dos resultaron gravemente heridas tras una balacera en el centro de La Serena, en la regi\u00f3n de Coquimbo. El grave tiroteo ocurri\u00f3 en calle Balmaceda, al salir de un local nocturno, cuando desde un veh\u00edculo se efectuaron al menos 14 disparos. Producto de este ataque, un ciudadano venezolano result\u00f3 lesionado gravemente y muri\u00f3 mientras recib\u00eda atenci\u00f3n m\u00e9dica en el Hospital San Juan de Dios de la ciudad. Dos personas m\u00e1s, incluyendo a otro venezolano y un menor de edad, tambi\u00e9n sufrieron heridas graves.<\/p>\n<p>As\u00ed lo inform\u00f3 el subprefecto Freddy Montoya, jefe de la Brigada de Homicidios de la <a href=\"https:\/\/www.pdichile.cl\/\">PDI<\/a>, detallando que el ataque registr\u00f3 un fallecido con impacto bal\u00edstico y otro homicidio frustrado, confirmando un crimen grave en la zona. La v\u00edctima fatal fue identificada como Emilio Daniel Salcedo Arroyo, un hombre con un conocido prontuario policial en la regi\u00f3n. Este complejo historial judicial de Salcedo Arroyo, que inclu\u00eda imputaciones por secuestro y varios incidentes en el Complejo Penitenciario de La Serena, reviste especial atenci\u00f3n.<\/p>\n<p>Los registros muestran que Salcedo Arroyo hab\u00eda sido sancionado en julio de 2025 por una ri\u00f1a en la c\u00e1rcel, adem\u00e1s de haber sido sorprendido por <a href=\"http:\/\/www.gendarmeria.gob.cl\/\">Gendarmer\u00eda<\/a> con peque\u00f1as cantidades de drogas. Ahora, tanto la Brigada de Homicidios de la <a href=\"https:\/\/www.pdichile.cl\/\">PDI<\/a> como la <a href=\"https:\/\/www.fiscaliadechile.cl\/\">Fiscal\u00eda<\/a> de Coquimbo se han enfocado en determinar la identidad del atacante y los motivos detr\u00e1s de la muerte. La investigaci\u00f3n busca establecer si el complejo pasado judicial de la v\u00edctima de esta balacera tiene alguna relaci\u00f3n con su reciente muerte.<\/p>\n","protected":false},"excerpt":{"rendered":"<p>Una persona muri\u00f3 y otras dos resultaron gravemente heridas tras una balacera en el centro de La Serena, en la regi\u00f3n de Coquimbo. El grave tiroteo ocurri\u00f3 en calle Balmaceda, al salir de un local nocturno, cuando desde un veh\u00edculo se efectuaron al menos 14 disparos. Producto de este ataque, un ciudadano venezolano result\u00f3 lesionado [&hellip;]<\/p>\n","protected":false},"author":2,"featured_media":29757,"comment_status":"closed","ping_status":"open","sticky":false,"template":"","format":"standard","meta":{"_jetpack_newsletter_access":"","_jetpack_dont_email_post_to_subs":false,"_jetpack_newsletter_tier_id":0,"_jetpack_memberships_contains_paywalled_content":false,"_jetpack_feature_clip_id":0,"_jetpack_memberships_contains_paid_content":false,"jnews-multi-image_gallery":[],"jnews_single_post":[],"jnews_primary_category":[],"jnews_social_meta":[],"jnews_paywall_metabox":[],"jnews_review":[],"enable_review":"","type":"","name":"","summary":"","brand":"","sku":"","good":[],"bad":[],"score_override":"","override_value":"","rating":[],"price":[],"jnews_override_counter":[],"jnews_post_split":[],"footnotes":"","jetpack_post_was_ever_published":false},"categories":[84],"tags":[],"class_list":["post-29758","post","type-post","status-publish","format-standard","has-post-thumbnail","hentry","category-deportes"],"jetpack_sharing_enabled":true,"jetpack_featured_media_url":"https:\/\/laserenaradio.cl\/web\/wp-content\/uploads\/2026\/09\/mediapiaiextstaticimg_webpCoquimboHoldings_0_2_s.webp","_links":{"self":[{"href":"https:\/\/laserenaradio.cl\/web\/wp-json\/wp\/v2\/posts\/29758","targetHints":{"allow":["GET"]}}],"collection":[{"href":"https:\/\/laserenaradio.cl\/web\/wp-json\/wp\/v2\/posts"}],"about":[{"href":"https:\/\/laserenaradio.cl\/web\/wp-json\/wp\/v2\/types\/post"}],"author":[{"embeddable":true,"href":"https:\/\/laserenaradio.cl\/web\/wp-json\/wp\/v2\/users\/2"}],"replies":[{"embeddable":true,"href":"https:\/\/laserenaradio.cl\/web\/wp-json\/wp\/v2\/comments?post=29758"}],"version-history":[{"count":1,"href":"https:\/\/laserenaradio.cl\/web\/wp-json\/wp\/v2\/posts\/29758\/revisions"}],"predecessor-version":[{"id":29759,"href":"https:\/\/laserenaradio.cl\/web\/wp-json\/wp\/v2\/posts\/29758\/revisions\/29759"}],"wp:featuredmedia":[{"embeddable":true,"href":"https:\/\/laserenaradio.cl\/web\/wp-json\/wp\/v2\/media\/29757"}],"wp:attachment":[{"href":"https:\/\/laserenaradio.cl\/web\/wp-json\/wp\/v2\/media?parent=29758"}],"wp:term":[{"taxonomy":"category","embeddable":true,"href":"https:\/\/laserenaradio.cl\/web\/wp-json\/wp\/v2\/categories?post=29758"},{"taxonomy":"post_tag","embeddable":true,"href":"https:\/\/laserenaradio.cl\/web\/wp-json\/wp\/v2\/tags?post=29758"}],"curies":[{"name":"wp","href":"https:\/\/api.w.org\/{rel}","templated":true}]}}