{"id":29752,"date":"2026-09-06T16:22:30","date_gmt":"2026-09-06T19:22:30","guid":{"rendered":"https:\/\/laserenaradio.cl\/web\/?p=29752"},"modified":"2026-09-06T16:22:30","modified_gmt":"2026-09-06T19:22:30","slug":"nueva-norma-sismica-chilena-exige-evaluacion-de-riesgo-en-areas-sobre-fallas-geologicas-activas","status":"publish","type":"post","link":"https:\/\/laserenaradio.cl\/web\/2026\/09\/06\/nueva-norma-sismica-chilena-exige-evaluacion-de-riesgo-en-areas-sobre-fallas-geologicas-activas\/","title":{"rendered":"Nueva norma s\u00edsmica chilena exige evaluaci\u00f3n de riesgo en \u00e1reas sobre fallas geol\u00f3gicas activas."},"content":{"rendered":"<p>Chile actualiz\u00f3 su principal norma para el dise\u00f1o s\u00edsmico de edificios y, por primera vez, incorpor\u00f3 expl\u00edcitamente un peligro que durante d\u00e9cadas permaneci\u00f3 en segundo plano: la construcci\u00f3n en \u00e1reas donde existen fallas geol\u00f3gicas activas. La nueva NCh433:2026 establece que los proyectos emplazados sobre estas estructuras deber\u00e1n contar con estudios adicionales, considerando que los terremotos asociados a ellas, aunque son menos frecuentes que los grandes sismos de subducci\u00f3n, pueden provocar efectos localmente m\u00e1s destructivos.<\/p>\n<p>El cambio adquiere especial relevancia debido a que en Chile se han identificado casi mil fallas activas o potencialmente activas. La m\u00e1s conocida es la Falla de San Ram\u00f3n, que se extiende durante cerca de 50 kil\u00f3metros del piedemonte de Santiago. Casi dos millones de personas viven en las comunas atravesadas por esta estructura geol\u00f3gica y miles habitan directamente sobre su traza, seg\u00fan antecedentes difundidos por especialistas.<\/p>\n<p>Esta actualizaci\u00f3n fue oficializada por el <a href=\"http:\/\/www.minvu.cl\/\">Ministerio de Vivienda y Urbanismo<\/a> (Minvu) mediante un decreto. Se trata de la modificaci\u00f3n m\u00e1s importante de la normativa NCh433 en casi dos d\u00e9cadas y busca recoger las lecciones aprendidas del terremoto del 27 de febrero de 2010, mejorando el dise\u00f1o s\u00edsmico de edificios.<\/p>\n<p>La mayor\u00eda de los grandes terremotos en Chile se originan en el contacto entre las placas de Nazca y Sudamericana. Sin embargo, el texto destaca un riesgo diferente: los sismos corticales, asociados a fallas activas ubicadas en la corteza terrestre. Estos movimientos pueden romper la superficie y alcanzar aceleraciones del suelo localmente mucho mayores que los considerados tradicionalmente en el dise\u00f1o s\u00edsmico de edificios, impactando directamente en la infraestructura cercana a la falla.<\/p>\n<p>Los expertos advierten que una falla no significa un peligro descartable. La implementaci\u00f3n de la nueva normativa obliga a reconocer la existencia y analizar los riesgos de estas fallas geol\u00f3gicas activas, especialmente en \u00e1reas donde el Plan Regulador Metropolitano de Santiago no ha contemplado sus restricciones.<\/p>\n<p>La nueva NCh433 no proh\u00edbe la construcci\u00f3n, pero s\u00ed exige un an\u00e1lisis m\u00e1s profundo del territorio. Su objetivo final es reducir las consecuencias estructurales de futuras emergencias y elevar el est\u00e1ndar de la ingenier\u00eda s\u00edsmica chilena, asegurando que el dise\u00f1o s\u00edsmico de edificios contemple el riesgo espec\u00edfico que representan las fallas activas en la planificaci\u00f3n urbana.<\/p>\n","protected":false},"excerpt":{"rendered":"<p>Chile actualiz\u00f3 su principal norma para el dise\u00f1o s\u00edsmico de edificios y, por primera vez, incorpor\u00f3 expl\u00edcitamente un peligro que durante d\u00e9cadas permaneci\u00f3 en segundo plano: la construcci\u00f3n en \u00e1reas donde existen fallas geol\u00f3gicas activas. La nueva NCh433:2026 establece que los proyectos emplazados sobre estas estructuras deber\u00e1n contar con estudios adicionales, considerando que los terremotos [&hellip;]<\/p>\n","protected":false},"author":2,"featured_media":29751,"comment_status":"closed","ping_status":"open","sticky":false,"template":"","format":"standard","meta":{"_jetpack_newsletter_access":"","_jetpack_dont_email_post_to_subs":false,"_jetpack_newsletter_tier_id":0,"_jetpack_memberships_contains_paywalled_content":false,"_jetpack_feature_clip_id":0,"_jetpack_memberships_contains_paid_content":false,"jnews-multi-image_gallery":[],"jnews_single_post":[],"jnews_primary_category":[],"jnews_social_meta":[],"jnews_paywall_metabox":[],"jnews_review":[],"enable_review":"","type":"","name":"","summary":"","brand":"","sku":"","good":[],"bad":[],"score_override":"","override_value":"","rating":[],"price":[],"jnews_override_counter":[],"jnews_post_split":[],"footnotes":"","jetpack_post_was_ever_published":false},"categories":[84],"tags":[],"class_list":["post-29752","post","type-post","status-publish","format-standard","has-post-thumbnail","hentry","category-deportes"],"jetpack_sharing_enabled":true,"jetpack_featured_media_url":"https:\/\/laserenaradio.cl\/web\/wp-content\/uploads\/2026\/09\/mediapiaiextstaticimg_webpPlanRegulador_0_1_s.webp","_links":{"self":[{"href":"https:\/\/laserenaradio.cl\/web\/wp-json\/wp\/v2\/posts\/29752","targetHints":{"allow":["GET"]}}],"collection":[{"href":"https:\/\/laserenaradio.cl\/web\/wp-json\/wp\/v2\/posts"}],"about":[{"href":"https:\/\/laserenaradio.cl\/web\/wp-json\/wp\/v2\/types\/post"}],"author":[{"embeddable":true,"href":"https:\/\/laserenaradio.cl\/web\/wp-json\/wp\/v2\/users\/2"}],"replies":[{"embeddable":true,"href":"https:\/\/laserenaradio.cl\/web\/wp-json\/wp\/v2\/comments?post=29752"}],"version-history":[{"count":1,"href":"https:\/\/laserenaradio.cl\/web\/wp-json\/wp\/v2\/posts\/29752\/revisions"}],"predecessor-version":[{"id":29753,"href":"https:\/\/laserenaradio.cl\/web\/wp-json\/wp\/v2\/posts\/29752\/revisions\/29753"}],"wp:featuredmedia":[{"embeddable":true,"href":"https:\/\/laserenaradio.cl\/web\/wp-json\/wp\/v2\/media\/29751"}],"wp:attachment":[{"href":"https:\/\/laserenaradio.cl\/web\/wp-json\/wp\/v2\/media?parent=29752"}],"wp:term":[{"taxonomy":"category","embeddable":true,"href":"https:\/\/laserenaradio.cl\/web\/wp-json\/wp\/v2\/categories?post=29752"},{"taxonomy":"post_tag","embeddable":true,"href":"https:\/\/laserenaradio.cl\/web\/wp-json\/wp\/v2\/tags?post=29752"}],"curies":[{"name":"wp","href":"https:\/\/api.w.org\/{rel}","templated":true}]}}