{"id":29740,"date":"2026-09-05T21:49:41","date_gmt":"2026-09-06T00:49:41","guid":{"rendered":"https:\/\/laserenaradio.cl\/web\/?p=29740"},"modified":"2026-09-05T21:49:41","modified_gmt":"2026-09-06T00:49:41","slug":"bayern-munich-cae-ante-el-schalke-04-la-sorpresa-alemana-detiene-su-hegemonia","status":"publish","type":"post","link":"https:\/\/laserenaradio.cl\/web\/2026\/09\/05\/bayern-munich-cae-ante-el-schalke-04-la-sorpresa-alemana-detiene-su-hegemonia\/","title":{"rendered":"Bayern M\u00fanich cae ante el Schalke 04: la sorpresa alemana detiene su hegemon\u00eda."},"content":{"rendered":"<p>No funcion\u00f3 como suele el Bayern M\u00fanich, ni tan potente, ni tan clarividente, ni tan contundente en su ataque en el Veltins Arena, frustrado por Loris Karius, con dos paradas indispensables, y el Schalke 04 durante su mon\u00f3logo del segundo tiempo. El resultado sin goles ni liderato en la Bundesliga, del que el equipo se cay\u00f3 despu\u00e9s de 67 jornadas inamovible.<\/p>\n<p>Hab\u00eda sido suyo siempre en ese recorrido de la liga alemana. Desde el 1 de septiembre de 2024 no pasaba nada igual en la Bundesliga que manejaba con una hegemon\u00eda casi inalterable. Entonces, el Bayern M\u00fanich era segundo igualado a puntos con el Heidenheim. Ahora, es cuarto. Hay tres equipos que suman m\u00e1s: Friburgo, Borussia Dortmund y Elversberg, con pleno de seis.<\/p>\n<p>Su control del bal\u00f3n fue tan apabullante como ineficaz cuando debi\u00f3 rematar entre los tres palos o dar el \u00faltimo pase. Mientras asoma la Champions, con algunas rotaciones de Vincent Kompany en determinadas posiciones, la visita del Schalke 04 exigi\u00f3 un sobreesfuerzo al Bayern, m\u00e1s de lo que preve\u00eda cualquiera. Pero es f\u00fatbol. El empate es una sorpresa. Una fiesta para su oponente. No es para menos, con la dificultad de contener al Bayern durante todo un partido entero, apoyado en dos paradas salvadoras y magn\u00edficas de Loris Karius.<\/p>\n<p>Replegado atr\u00e1s el conjunto de Gelsenkirchen, al que le falt\u00f3 luego frescura para ir m\u00e1s all\u00e1 de su ejercicio defensivo, el Bayern se movi\u00f3 todo el partido en un laberinto sin salida hacia la porter\u00eda contraria. Cuando ilumin\u00f3 un camino, Karius vol\u00f3 para negarle el gol en su \u00fanica ocasi\u00f3n en la primera parte, cerrada con solo dos tiros, y, sobre todo, en el disparo final, ya en el 89\u2032, de Harry Kane. Su mano izquierda arriba fue extraordinaria. Van apenas dos fechas en la Bundesliga, pero el Bayern M\u00fanich no es l\u00edder en Alemania. Y eso es una novedad en el f\u00fatbol alem\u00e1n.<\/p>\n","protected":false},"excerpt":{"rendered":"<p>No funcion\u00f3 como suele el Bayern M\u00fanich, ni tan potente, ni tan clarividente, ni tan contundente en su ataque en el Veltins Arena, frustrado por Loris Karius, con dos paradas indispensables, y el Schalke 04 durante su mon\u00f3logo del segundo tiempo. El resultado sin goles ni liderato en la Bundesliga, del que el equipo se [&hellip;]<\/p>\n","protected":false},"author":2,"featured_media":29739,"comment_status":"closed","ping_status":"open","sticky":false,"template":"","format":"standard","meta":{"_jetpack_newsletter_access":"","_jetpack_dont_email_post_to_subs":false,"_jetpack_newsletter_tier_id":0,"_jetpack_memberships_contains_paywalled_content":false,"_jetpack_feature_clip_id":0,"_jetpack_memberships_contains_paid_content":false,"jnews-multi-image_gallery":[],"jnews_single_post":[],"jnews_primary_category":[],"jnews_social_meta":[],"jnews_paywall_metabox":[],"jnews_review":[],"enable_review":"","type":"","name":"","summary":"","brand":"","sku":"","good":[],"bad":[],"score_override":"","override_value":"","rating":[],"price":[],"jnews_override_counter":[],"jnews_post_split":[],"footnotes":"","jetpack_post_was_ever_published":false},"categories":[21],"tags":[],"class_list":["post-29740","post","type-post","status-publish","format-standard","has-post-thumbnail","hentry","category-nacional"],"jetpack_sharing_enabled":true,"jetpack_featured_media_url":"https:\/\/laserenaradio.cl\/web\/wp-content\/uploads\/2026\/09\/mediapiaiextstaticimg_webpcustom_26c3a75b.webp","_links":{"self":[{"href":"https:\/\/laserenaradio.cl\/web\/wp-json\/wp\/v2\/posts\/29740","targetHints":{"allow":["GET"]}}],"collection":[{"href":"https:\/\/laserenaradio.cl\/web\/wp-json\/wp\/v2\/posts"}],"about":[{"href":"https:\/\/laserenaradio.cl\/web\/wp-json\/wp\/v2\/types\/post"}],"author":[{"embeddable":true,"href":"https:\/\/laserenaradio.cl\/web\/wp-json\/wp\/v2\/users\/2"}],"replies":[{"embeddable":true,"href":"https:\/\/laserenaradio.cl\/web\/wp-json\/wp\/v2\/comments?post=29740"}],"version-history":[{"count":1,"href":"https:\/\/laserenaradio.cl\/web\/wp-json\/wp\/v2\/posts\/29740\/revisions"}],"predecessor-version":[{"id":29741,"href":"https:\/\/laserenaradio.cl\/web\/wp-json\/wp\/v2\/posts\/29740\/revisions\/29741"}],"wp:featuredmedia":[{"embeddable":true,"href":"https:\/\/laserenaradio.cl\/web\/wp-json\/wp\/v2\/media\/29739"}],"wp:attachment":[{"href":"https:\/\/laserenaradio.cl\/web\/wp-json\/wp\/v2\/media?parent=29740"}],"wp:term":[{"taxonomy":"category","embeddable":true,"href":"https:\/\/laserenaradio.cl\/web\/wp-json\/wp\/v2\/categories?post=29740"},{"taxonomy":"post_tag","embeddable":true,"href":"https:\/\/laserenaradio.cl\/web\/wp-json\/wp\/v2\/tags?post=29740"}],"curies":[{"name":"wp","href":"https:\/\/api.w.org\/{rel}","templated":true}]}}