{"id":29737,"date":"2026-09-05T21:44:20","date_gmt":"2026-09-06T00:44:20","guid":{"rendered":"https:\/\/laserenaradio.cl\/web\/?p=29737"},"modified":"2026-09-05T21:44:20","modified_gmt":"2026-09-06T00:44:20","slug":"interior-contrata-a-joven-estudiante-de-periodismo-para-apoyo-en-redes-sociales","status":"publish","type":"post","link":"https:\/\/laserenaradio.cl\/web\/2026\/09\/05\/interior-contrata-a-joven-estudiante-de-periodismo-para-apoyo-en-redes-sociales\/","title":{"rendered":"Interior contrata a joven estudiante de Periodismo para apoyo en redes sociales"},"content":{"rendered":"<p>El <a href=\"https:\/\/www.interior.gob.cl\/\">Ministerio del Interior<\/a> ha contratado a un estudiante de Periodismo de la Universidad de Los Andes. Crist\u00f3bal Soto, de 19 a\u00f1os, ha sido incorporado para apoyar la difusi\u00f3n en redes sociales del organismo, desempe\u00f1ando el cargo de Redes Sociales y Apoyo Comunicacional. Este nuevo empleo p\u00fablico reafirma la tendencia del gobierno de sumar talento joven al servicio del Estado.<\/p>\n<p>Soto, quien cursa primer a\u00f1o de su carrera, trabaja bajo la modalidad de honorarios. Sus habilidades incluyen experiencia como community manager, desarrollando estrategias digitales, adem\u00e1s de haber trabajado en el \u00e1rea de mujeres de la UDI y en la estrategia digital del alcalde de Lo Barnechea.<\/p>\n<p>Esta incorporaci\u00f3n se suma a un patr\u00f3n de contrataci\u00f3n juvenil dentro de la administraci\u00f3n p\u00fablica. Previamente, La Moneda ya hab\u00eda sumado a j\u00f3venes profesionales, como Camila P\u00e9rez, militante de RN, que ingres\u00f3 al Servicio Nacional de Migraciones, y la abogada Trinidad Zegers, quien entr\u00f3 a Justicia.<\/p>\n<p>Estos casos demuestran el creciente inter\u00e9s por la integraci\u00f3n de la juventud laboral en diversos servicios p\u00fablicos, aprovechando los conocimientos frescos en comunicaci\u00f3n y tecnolog\u00eda para las diversas tareas del gobierno.<\/p>\n","protected":false},"excerpt":{"rendered":"<p>El Ministerio del Interior ha contratado a un estudiante de Periodismo de la Universidad de Los Andes. Crist\u00f3bal Soto, de 19 a\u00f1os, ha sido incorporado para apoyar la difusi\u00f3n en redes sociales del organismo, desempe\u00f1ando el cargo de Redes Sociales y Apoyo Comunicacional. Este nuevo empleo p\u00fablico reafirma la tendencia del gobierno de sumar talento [&hellip;]<\/p>\n","protected":false},"author":2,"featured_media":29736,"comment_status":"closed","ping_status":"open","sticky":false,"template":"","format":"standard","meta":{"_jetpack_newsletter_access":"","_jetpack_dont_email_post_to_subs":false,"_jetpack_newsletter_tier_id":0,"_jetpack_memberships_contains_paywalled_content":false,"_jetpack_feature_clip_id":0,"_jetpack_memberships_contains_paid_content":false,"jnews-multi-image_gallery":[],"jnews_single_post":[],"jnews_primary_category":[],"jnews_social_meta":[],"jnews_paywall_metabox":[],"jnews_review":[],"enable_review":"","type":"","name":"","summary":"","brand":"","sku":"","good":[],"bad":[],"score_override":"","override_value":"","rating":[],"price":[],"jnews_override_counter":[],"jnews_post_split":[],"footnotes":"","jetpack_post_was_ever_published":false},"categories":[83],"tags":[],"class_list":["post-29737","post","type-post","status-publish","format-standard","has-post-thumbnail","hentry","category-politica"],"jetpack_sharing_enabled":true,"jetpack_featured_media_url":"https:\/\/laserenaradio.cl\/web\/wp-content\/uploads\/2026\/09\/mediapiaiextstaticimg_webpcustom_0d928171.webp","_links":{"self":[{"href":"https:\/\/laserenaradio.cl\/web\/wp-json\/wp\/v2\/posts\/29737","targetHints":{"allow":["GET"]}}],"collection":[{"href":"https:\/\/laserenaradio.cl\/web\/wp-json\/wp\/v2\/posts"}],"about":[{"href":"https:\/\/laserenaradio.cl\/web\/wp-json\/wp\/v2\/types\/post"}],"author":[{"embeddable":true,"href":"https:\/\/laserenaradio.cl\/web\/wp-json\/wp\/v2\/users\/2"}],"replies":[{"embeddable":true,"href":"https:\/\/laserenaradio.cl\/web\/wp-json\/wp\/v2\/comments?post=29737"}],"version-history":[{"count":1,"href":"https:\/\/laserenaradio.cl\/web\/wp-json\/wp\/v2\/posts\/29737\/revisions"}],"predecessor-version":[{"id":29738,"href":"https:\/\/laserenaradio.cl\/web\/wp-json\/wp\/v2\/posts\/29737\/revisions\/29738"}],"wp:featuredmedia":[{"embeddable":true,"href":"https:\/\/laserenaradio.cl\/web\/wp-json\/wp\/v2\/media\/29736"}],"wp:attachment":[{"href":"https:\/\/laserenaradio.cl\/web\/wp-json\/wp\/v2\/media?parent=29737"}],"wp:term":[{"taxonomy":"category","embeddable":true,"href":"https:\/\/laserenaradio.cl\/web\/wp-json\/wp\/v2\/categories?post=29737"},{"taxonomy":"post_tag","embeddable":true,"href":"https:\/\/laserenaradio.cl\/web\/wp-json\/wp\/v2\/tags?post=29737"}],"curies":[{"name":"wp","href":"https:\/\/api.w.org\/{rel}","templated":true}]}}