{"id":29734,"date":"2026-09-05T10:42:51","date_gmt":"2026-09-05T13:42:51","guid":{"rendered":"https:\/\/laserenaradio.cl\/web\/?p=29734"},"modified":"2026-09-05T10:42:51","modified_gmt":"2026-09-05T13:42:51","slug":"boric-rinde-homenaje-a-camilo-escalona-destacando-su-legado-democratico","status":"publish","type":"post","link":"https:\/\/laserenaradio.cl\/web\/2026\/09\/05\/boric-rinde-homenaje-a-camilo-escalona-destacando-su-legado-democratico\/","title":{"rendered":"Boric rinde homenaje a Camilo Escalona, destacando su legado democr\u00e1tico."},"content":{"rendered":"<p>El expresidente Gabriel Boric dedic\u00f3 emotivas palabras a Camilo Escalona tras confirmar su fallecimiento. Mediante su cuenta de X, el exmandatario rindi\u00f3 homenaje al hist\u00f3rico dirigente socialista, destacando la incansable trayectoria y el compromiso de Escalona con la democracia chilena y el movimiento social.<\/p>\n<p>Boric inici\u00f3 su tributo se\u00f1alando el impacto de la partida de un l\u00edder fundamental del Partido Socialista. El expresidente record\u00f3 las ra\u00edces pol\u00edticas de Camilo Escalona, evocando su juventud y su militancia durante el gobierno de Salvador Allende, donde ya se defin\u00eda su compromiso con el gobierno popular.<\/p>\n<p>En su mensaje, Gabriel Boric tambi\u00e9n hizo referencia a los momentos m\u00e1s dif\u00edciles de la historia de Chile, especialmente la \u00e9poca de la dictadura. Destac\u00f3 el rol de Escalona en la resistencia pol\u00edtica, recordando su capacidad para organizarse y mantenerse activo en periodos de profunda represi\u00f3n.<\/p>\n<p>Adem\u00e1s, el exmandatario resalt\u00f3 el papel crucial de Camilo Escalona durante los primeros a\u00f1os de la Transici\u00f3n democr\u00e1tica, describi\u00e9ndolo como un actor que siempre empuj\u00f3 los l\u00edmites impuestos por poderes f\u00e1cticos. Boric tambi\u00e9n valor\u00f3 el apoyo incondicional que el dirigente socialista brind\u00f3 a su propia administraci\u00f3n, se\u00f1alando la lealtad del exsenador en momentos de gran complejidad pol\u00edtica.<\/p>\n<p>El expresidente relat\u00f3 personalmente que se despidi\u00f3 de Escalona en la Cl\u00ednica Indisa, compartiendo un momento \u00edntimo. Boric prometi\u00f3 que el legado pol\u00edtico y la lucha de generaci\u00f3n de Escalona ser\u00edan recordados por las futuras generaciones, reafirmando as\u00ed su aporte a la democracia chilena. Con estas palabras, Gabriel Boric culmin\u00f3 su homenaje deseando un abrazo a todo el Partido Socialista y expresando sus eternos respetos al gran Camilo Escalona.<\/p>\n","protected":false},"excerpt":{"rendered":"<p>El expresidente Gabriel Boric dedic\u00f3 emotivas palabras a Camilo Escalona tras confirmar su fallecimiento. Mediante su cuenta de X, el exmandatario rindi\u00f3 homenaje al hist\u00f3rico dirigente socialista, destacando la incansable trayectoria y el compromiso de Escalona con la democracia chilena y el movimiento social. Boric inici\u00f3 su tributo se\u00f1alando el impacto de la partida de [&hellip;]<\/p>\n","protected":false},"author":2,"featured_media":29733,"comment_status":"closed","ping_status":"open","sticky":false,"template":"","format":"standard","meta":{"_jetpack_newsletter_access":"","_jetpack_dont_email_post_to_subs":false,"_jetpack_newsletter_tier_id":0,"_jetpack_memberships_contains_paywalled_content":false,"_jetpack_feature_clip_id":0,"_jetpack_memberships_contains_paid_content":false,"jnews-multi-image_gallery":[],"jnews_single_post":[],"jnews_primary_category":[],"jnews_social_meta":[],"jnews_paywall_metabox":[],"jnews_review":[],"enable_review":"","type":"","name":"","summary":"","brand":"","sku":"","good":[],"bad":[],"score_override":"","override_value":"","rating":[],"price":[],"jnews_override_counter":[],"jnews_post_split":[],"footnotes":"","jetpack_post_was_ever_published":false},"categories":[83],"tags":[],"class_list":["post-29734","post","type-post","status-publish","format-standard","has-post-thumbnail","hentry","category-politica"],"jetpack_sharing_enabled":true,"jetpack_featured_media_url":"https:\/\/laserenaradio.cl\/web\/wp-content\/uploads\/2026\/09\/mediapiaiextstaticimg_webpcustom_a760c393.webp","_links":{"self":[{"href":"https:\/\/laserenaradio.cl\/web\/wp-json\/wp\/v2\/posts\/29734","targetHints":{"allow":["GET"]}}],"collection":[{"href":"https:\/\/laserenaradio.cl\/web\/wp-json\/wp\/v2\/posts"}],"about":[{"href":"https:\/\/laserenaradio.cl\/web\/wp-json\/wp\/v2\/types\/post"}],"author":[{"embeddable":true,"href":"https:\/\/laserenaradio.cl\/web\/wp-json\/wp\/v2\/users\/2"}],"replies":[{"embeddable":true,"href":"https:\/\/laserenaradio.cl\/web\/wp-json\/wp\/v2\/comments?post=29734"}],"version-history":[{"count":1,"href":"https:\/\/laserenaradio.cl\/web\/wp-json\/wp\/v2\/posts\/29734\/revisions"}],"predecessor-version":[{"id":29735,"href":"https:\/\/laserenaradio.cl\/web\/wp-json\/wp\/v2\/posts\/29734\/revisions\/29735"}],"wp:featuredmedia":[{"embeddable":true,"href":"https:\/\/laserenaradio.cl\/web\/wp-json\/wp\/v2\/media\/29733"}],"wp:attachment":[{"href":"https:\/\/laserenaradio.cl\/web\/wp-json\/wp\/v2\/media?parent=29734"}],"wp:term":[{"taxonomy":"category","embeddable":true,"href":"https:\/\/laserenaradio.cl\/web\/wp-json\/wp\/v2\/categories?post=29734"},{"taxonomy":"post_tag","embeddable":true,"href":"https:\/\/laserenaradio.cl\/web\/wp-json\/wp\/v2\/tags?post=29734"}],"curies":[{"name":"wp","href":"https:\/\/api.w.org\/{rel}","templated":true}]}}