{"id":29731,"date":"2026-09-05T10:34:17","date_gmt":"2026-09-05T13:34:17","guid":{"rendered":"https:\/\/laserenaradio.cl\/web\/?p=29731"},"modified":"2026-09-05T10:34:17","modified_gmt":"2026-09-05T13:34:17","slug":"cuestionamientos-chilenos-a-declaraciones-de-argentina-sobre-soberania-en-el-estrecho-de-magallanes","status":"publish","type":"post","link":"https:\/\/laserenaradio.cl\/web\/2026\/09\/05\/cuestionamientos-chilenos-a-declaraciones-de-argentina-sobre-soberania-en-el-estrecho-de-magallanes\/","title":{"rendered":"Cuestionamientos chilenos a declaraciones de Argentina sobre soberan\u00eda en el Estrecho de Magallanes."},"content":{"rendered":"<p>Una nueva cr\u00edtica surgi\u00f3 desde Chile luego de que el canciller argentino Pablo Quirno calificara a Argentina como un pa\u00eds \u201cbicontinental, bioce\u00e1nico\u201d, apenas horas despu\u00e9s de que los presidentes Jos\u00e9 Antonio Kast y Javier Milei reafirmaran la vigencia de los tratados que establecen la soberan\u00eda chilena sobre la totalidad del Estrecho de Magallanes. El diputado Alejandro Riquelme (REP), representante de la Regi\u00f3n de Magallanes, cuestion\u00f3 que las declaraciones del ministro de Relaciones Exteriores trasandino se produjeran en paralelo al entendimiento alcanzado entre ambos mandatarios, que busc\u00f3 cerrar la controversia por los l\u00edmites mar\u00edtimos del extremo sur.<\/p>\n<p>El concepto utilizado por Quirno apareci\u00f3 durante una entrevista en la que abord\u00f3 la construcci\u00f3n de una base naval en Ushuaia y la necesidad, seg\u00fan plante\u00f3, de reforzar la presencia argentina en el Atl\u00e1ntico Sur y su proyecci\u00f3n hacia la Ant\u00e1rtica. Sus palabras adquieren especial sensibilidad luego de la reuni\u00f3n bilateral entre Kast y Milei en Santiago. Tras el encuentro, los gobiernos reafirmaron que el Tratado de L\u00edmites de 1881 y el Tratado de Paz y Amistad de 1984 se encuentran plenamente vigentes, estableciendo as\u00ed la soberan\u00eda de Chile sobre todo el Estrecho de Magallanes.<\/p>\n<p>En ese escenario, Riquelme acus\u00f3 una falta de coherencia entre el acuerdo bilateral y el mensaje sobre los l\u00edmites mar\u00edtimos. \u201cRechazo categ\u00f3ricamente las declaraciones del canciller argentino. Argentina puede hablar de integraci\u00f3n o corredores bioce\u00e1nicos, pero eso es muy distinto a hablar de soberan\u00eda&#8221;, sostuvo el parlamentario, recordando que el Protocolo Adicional y Aclaratorio de 1893 complementario al Tratado de L\u00edmites de 1881 estableci\u00f3 que Chile y Argentina no pueden pretender puntos en direcciones opuestas.<\/p>\n<p>A juicio del diputado, esta definici\u00f3n es crucial frente a la utilizaci\u00f3n del concepto \u201cbioce\u00e1nico\u201d por parte de Quirno. Riquelme enfatiz\u00f3 que este principio de delimitaci\u00f3n es fundamental para la defensa de la soberan\u00eda mar\u00edtima. La controversia se suma as\u00ed a una jornada donde La Moneda y la Casa Rosada buscaron descomprimir las diferencias sobre el extremo austral. El diputado por Magallanes sostuvo que el episodio no puede entenderse como una simple diferencia sem\u00e1ntica, sino como una preocupaci\u00f3n por el respeto a los tratados internacionales.<\/p>\n<p>Lo preocupante es que ya se est\u00e1 haciendo costumbre que autoridades argentinas intenten reinterpretar, relativizar o directamente cuestionar los acuerdos internacionales que resolvieron estas materias hace d\u00e9cadas, afirm\u00f3. Estos tratados no pueden respetarse solo cuando resulta conveniente para la pol\u00edtica interna argentina. La afirmaci\u00f3n sobre el car\u00e1cter \u201cbioce\u00e1nico\u201d de Argentina rompe con el marco jur\u00eddico establecido por los tratados de 1881 y 1984, generando nuevas fricciones sobre los l\u00edmites mar\u00edtimos.<\/p>\n<p>Finalmente, Riquelme inst\u00f3 a evitar que la situaci\u00f3n pol\u00edtica interna argentina genere nuevos puntos de fricci\u00f3n con Chile. \u201cChile quiere una buena relaci\u00f3n con Argentina, pero tambi\u00e9n debe exigir respeto irrestricto a los tratados y a nuestra soberan\u00eda\u201d, concluy\u00f3, reiterando la importancia de mantener la estabilidad legal de los l\u00edmites Chile-Argentina.<\/p>\n","protected":false},"excerpt":{"rendered":"<p>Una nueva cr\u00edtica surgi\u00f3 desde Chile luego de que el canciller argentino Pablo Quirno calificara a Argentina como un pa\u00eds \u201cbicontinental, bioce\u00e1nico\u201d, apenas horas despu\u00e9s de que los presidentes Jos\u00e9 Antonio Kast y Javier Milei reafirmaran la vigencia de los tratados que establecen la soberan\u00eda chilena sobre la totalidad del Estrecho de Magallanes. El diputado [&hellip;]<\/p>\n","protected":false},"author":2,"featured_media":29730,"comment_status":"closed","ping_status":"open","sticky":false,"template":"","format":"standard","meta":{"_jetpack_newsletter_access":"","_jetpack_dont_email_post_to_subs":false,"_jetpack_newsletter_tier_id":0,"_jetpack_memberships_contains_paywalled_content":false,"_jetpack_feature_clip_id":0,"_jetpack_memberships_contains_paid_content":false,"jnews-multi-image_gallery":[],"jnews_single_post":[],"jnews_primary_category":[],"jnews_social_meta":[],"jnews_paywall_metabox":[],"jnews_review":[],"enable_review":"","type":"","name":"","summary":"","brand":"","sku":"","good":[],"bad":[],"score_override":"","override_value":"","rating":[],"price":[],"jnews_override_counter":[],"jnews_post_split":[],"footnotes":"","jetpack_post_was_ever_published":false},"categories":[83],"tags":[],"class_list":["post-29731","post","type-post","status-publish","format-standard","has-post-thumbnail","hentry","category-politica"],"jetpack_sharing_enabled":true,"jetpack_featured_media_url":"https:\/\/laserenaradio.cl\/web\/wp-content\/uploads\/2026\/09\/mediapiaiextstaticimg_webpcustom_d76402dd.webp","_links":{"self":[{"href":"https:\/\/laserenaradio.cl\/web\/wp-json\/wp\/v2\/posts\/29731","targetHints":{"allow":["GET"]}}],"collection":[{"href":"https:\/\/laserenaradio.cl\/web\/wp-json\/wp\/v2\/posts"}],"about":[{"href":"https:\/\/laserenaradio.cl\/web\/wp-json\/wp\/v2\/types\/post"}],"author":[{"embeddable":true,"href":"https:\/\/laserenaradio.cl\/web\/wp-json\/wp\/v2\/users\/2"}],"replies":[{"embeddable":true,"href":"https:\/\/laserenaradio.cl\/web\/wp-json\/wp\/v2\/comments?post=29731"}],"version-history":[{"count":1,"href":"https:\/\/laserenaradio.cl\/web\/wp-json\/wp\/v2\/posts\/29731\/revisions"}],"predecessor-version":[{"id":29732,"href":"https:\/\/laserenaradio.cl\/web\/wp-json\/wp\/v2\/posts\/29731\/revisions\/29732"}],"wp:featuredmedia":[{"embeddable":true,"href":"https:\/\/laserenaradio.cl\/web\/wp-json\/wp\/v2\/media\/29730"}],"wp:attachment":[{"href":"https:\/\/laserenaradio.cl\/web\/wp-json\/wp\/v2\/media?parent=29731"}],"wp:term":[{"taxonomy":"category","embeddable":true,"href":"https:\/\/laserenaradio.cl\/web\/wp-json\/wp\/v2\/categories?post=29731"},{"taxonomy":"post_tag","embeddable":true,"href":"https:\/\/laserenaradio.cl\/web\/wp-json\/wp\/v2\/tags?post=29731"}],"curies":[{"name":"wp","href":"https:\/\/api.w.org\/{rel}","templated":true}]}}